{"id":1205,"date":"2024-05-06T23:43:14","date_gmt":"2024-05-07T03:43:14","guid":{"rendered":"https:\/\/www.artsably.com\/?p=1205"},"modified":"2025-12-14T11:42:13","modified_gmt":"2025-12-14T16:42:13","slug":"ressources-pour-lentretien-fournies-par-indra-egan","status":"publish","type":"post","link":"https:\/\/www.artsably.com\/fr\/interview-resources-provided-by-indra-egan\/","title":{"rendered":"Interview - Ressources fournies par Indra Egan"},"content":{"rendered":"<div class=\"wp-block-group has-global-padding is-layout-constrained wp-block-group-is-layout-constrained\">\n<p>Dans le cadre de la s\u00e9rie de podcasts \"ArtsAbly in Conversation\", Diane Kolin a interview\u00e9 Indra Egan, pianiste et coach vocal bas\u00e9e \u00e0 Vancouver. Parmi ses multiples activit\u00e9s musicales, elle produit et se produit dans des concerts de sensibilisation \u00e0 l'\u00e9pilepsie.<\/p>\n\n\n\n<figure class=\"wp-block-image aligncenter size-full\"><img loading=\"lazy\" decoding=\"async\" width=\"609\" height=\"913\" src=\"https:\/\/www.artsably.com\/wp-content\/uploads\/2024\/05\/Indra-Egan-Headshot.jpg\" alt=\"Une femme aux longs cheveux noirs et boucl\u00e9s, portant des lunettes \u00e0 monture noire et un haut vert.\" class=\"wp-image-1207\" srcset=\"https:\/\/www.artsably.com\/wp-content\/uploads\/2024\/05\/Indra-Egan-Headshot.jpg 609w, https:\/\/www.artsably.com\/wp-content\/uploads\/2024\/05\/Indra-Egan-Headshot-200x300.jpg 200w, https:\/\/www.artsably.com\/wp-content\/uploads\/2024\/05\/Indra-Egan-Headshot-8x12.jpg 8w\" sizes=\"auto, (max-width: 609px) 100vw, 609px\" \/><\/figure>\n\n\n\n<div class=\"wp-block-columns is-layout-flex wp-container-core-columns-is-layout-28f84493 wp-block-columns-is-layout-flex\">\n<div class=\"wp-block-column is-layout-flow wp-block-column-is-layout-flow\" style=\"flex-basis:10%\">\n<figure class=\"wp-block-image size-full\"><a href=\"https:\/\/www.artsably.com\/fr\/episode-10-artsably-en-conversation-avec-indra-egan\/\"><img loading=\"lazy\" decoding=\"async\" width=\"50\" height=\"50\" src=\"https:\/\/www.artsably.com\/wp-content\/uploads\/2024\/03\/podcast_mic_icon50.png\" alt=\"Ic\u00f4ne repr\u00e9sentant un microphone\" class=\"wp-image-922\" srcset=\"https:\/\/www.artsably.com\/wp-content\/uploads\/2024\/03\/podcast_mic_icon50.png 50w, https:\/\/www.artsably.com\/wp-content\/uploads\/2024\/03\/podcast_mic_icon50-12x12.png 12w\" sizes=\"auto, (max-width: 50px) 100vw, 50px\" \/><\/a><\/figure>\n<\/div>\n\n\n\n<div class=\"wp-block-column is-vertically-aligned-center is-layout-flow wp-block-column-is-layout-flow\" style=\"flex-basis:90%\">\n<p><a href=\"https:\/\/www.artsably.com\/fr\/episode-10-artsably-en-conversation-avec-indra-egan\/\">\u00c9couter l'interview d'Indra Egan<\/a><\/p>\n<\/div>\n<\/div>\n\n\n\n<p id=\"block-9df7bc08-36bd-439a-bdbc-acf5b66ebb25\">Cette page pr\u00e9sente les ressources qu'elle a mentionn\u00e9es au cours de la conversation.<\/p>\n\n\n\n<div style=\"height:20px\" aria-hidden=\"true\" class=\"wp-block-spacer\"><\/div>\n\n\n\n<h2 class=\"wp-block-heading has-large-font-size\" id=\"block-c3856210-61f7-4976-80c3-3c93542e0f65\">Site officiel d'Indra Egan<\/h2>\n\n\n\n<p>Lou\u00e9e pour son expressivit\u00e9 et sa \" ma\u00eetrise impressionnante du clavier \" (Prince George Citizen), la pianiste et coach vocale canadienne d'origine persane Indra Egan est ravie d'\u00eatre la jeune artiste Yulanda M. Faris de l'Op\u00e9ra de Vancouver pour la saison 2023\/24. Indra est titulaire d'une ma\u00eetrise en piano collaboratif de l'Universit\u00e9 de Toronto, o\u00f9 elle a \u00e9tudi\u00e9 avec Steven Philcox et remport\u00e9 le prix Gwendolyn Koldofsky en accompagnement. Originaire du nord de la Colombie-Britannique, Indra a obtenu son baccalaur\u00e9at en interpr\u00e9tation pianistique \u00e0 l'Universit\u00e9 du Manitoba, o\u00f9 elle a \u00e9tudi\u00e9 avec David Moroz et Laura Loewen, puis a suivi des \u00e9tudes post-bac en piano jazz avec Will Bonness. La polyvalence d'Indra et son approche dynamique de la musique font d'elle une collaboratrice recherch\u00e9e ; elle a travaill\u00e9 \u00e0 travers le Canada dans de nombreux styles et genres.<\/p>\n\n\n\n<p id=\"block-18419d88-f675-4bd9-9ef6-22db05f1abdd\"><a href=\"https:\/\/www.indraegan.com\/\" data-type=\"link\" data-id=\"https:\/\/malicioussheep.portfoliobox.net\/\" target=\"_blank\" rel=\"noreferrer noopener\">Visiter le site web d'Indra Egan<\/a><\/p>\n\n\n\n<div style=\"height:20px\" aria-hidden=\"true\" class=\"wp-block-spacer\"><\/div>\n\n\n\n<h2 class=\"wp-block-heading has-large-font-size\">Programme des jeunes artistes Yulanda M. Faris de l'Op\u00e9ra de Vancouver&nbsp;<\/h2>\n\n\n\n<p>En 2012, VO a lanc\u00e9 le Programme des jeunes artistes Yulanda M. Faris. Rendu possible gr\u00e2ce \u00e0 un don de la famille de Yulanda M. Faris, le programme engage, enrichit, encadre et forme de jeunes artistes lyriques canadiens en devenir et offre un pont entre les programmes \u00e9ducatifs acad\u00e9miques formels et le monde professionnel dans un environnement favorable et encourageant. Le Programme des jeunes artistes offre aux artistes - chanteurs, pianistes et metteurs en sc\u00e8ne - la possibilit\u00e9 de se former aupr\u00e8s des leaders de l'industrie par le biais de classes de ma\u00eetre, de coachings individuels et d'occasions de se produire dans le cadre d'un programme de r\u00e9sidence.<\/p>\n\n\n\n<p><a href=\"https:\/\/www.vancouveropera.ca\/artists-program\/\" data-type=\"link\" data-id=\"https:\/\/www.vancouveropera.ca\/artists-program\/\" target=\"_blank\" rel=\"noreferrer noopener\">En savoir plus sur le programme Yulanda M. Faris pour jeunes artistes<\/a><\/p>\n\n\n\n<div style=\"height:20px\" aria-hidden=\"true\" class=\"wp-block-spacer\"><\/div>\n\n\n\n<h2 class=\"wp-block-heading has-large-font-size\">In\u00e9branlable : Un concert de sensibilisation \u00e0 l'\u00e9pilepsie 2021<\/h2>\n\n\n\n<p>Indra a fond\u00e9, produit et jou\u00e9 dans trois concerts de sensibilisation \u00e0 l'\u00e9pilepsie \"Unshakeable\". \"Unshakeable : An Epilepsy Awareness Concert\" (2021) a \u00e9t\u00e9 virtuel et diffus\u00e9 en direct pour la premi\u00e8re fois, et a re\u00e7u un soutien massif de la part de l'ensemble du Canada. L'\u00e9v\u00e9nement a \u00e9t\u00e9 promu par CBC et Epilepsy Canada, et a \u00e9t\u00e9 visionn\u00e9 plus de 2000 fois au cours de la premi\u00e8re semaine. Le concert met en vedette des chanteurs et des instrumentistes de tout le Canada qui se r\u00e9unissent pour partager leurs talents en faveur de la sensibilisation \u00e0 l'\u00e9pilepsie. Ces musiciens se produisent dans des styles vari\u00e9s, notamment le jazz, la musique classique, l'op\u00e9ra et la com\u00e9die musicale. Le num\u00e9ro de groupe virtuel de cl\u00f4ture est interpr\u00e9t\u00e9 par plus de 80 chanteurs.<\/p>\n\n\n\n<p><a href=\"https:\/\/fb.watch\/rVgRwe4RJA\/\" target=\"_blank\" rel=\"noreferrer noopener\">Regardez \"Unshakeable : Un concert de sensibilisation \u00e0 l'\u00e9pilepsie\"<\/a><\/p>\n\n\n\n<div style=\"height:20px\" aria-hidden=\"true\" class=\"wp-block-spacer\"><\/div>\n\n\n\n<h2 class=\"wp-block-heading has-large-font-size\">Restez \u00e0 l'\u00e9coute d'Indra<\/h2>\n\n\n\n<p>Site web de satire musicale d'Indra Egan, ax\u00e9 sur la musique classique.<\/p>\n\n\n\n<p><a href=\"https:\/\/staytunedwithindra.com\/\" target=\"_blank\" rel=\"noreferrer noopener\">Visiter Restez \u00e0 l'\u00e9coute d'Indra<\/a><\/p>\n\n\n\n<div style=\"height:20px\" aria-hidden=\"true\" class=\"wp-block-spacer\"><\/div>\n\n\n\n<h2 class=\"wp-block-heading has-large-font-size\">Liz Upchurch<\/h2>\n\n\n\n<p>La pianiste, coach vocal et p\u00e9dagogue Liz Upchurch en est actuellement \u00e0 sa 25e saison en tant que directrice musicale de l'Ensemble Studio de la Canadian Opera Company, le principal programme de formation pour les jeunes professionnels de l'op\u00e9ra au Canada. Elle y a form\u00e9 une g\u00e9n\u00e9ration d'artistes canadiens. Elle a re\u00e7u le prestigieux prix Ruby du Canada pour sa contribution exceptionnelle au monde de l'op\u00e9ra. Elle est l\u00e9galement aveugle.<\/p>\n\n\n\n<p><a href=\"https:\/\/www.coc.ca\/coc-news1?entryid=20585\" data-type=\"link\" data-id=\"https:\/\/www.coc.ca\/coc-news1?entryid=20585\" target=\"_blank\" rel=\"noreferrer noopener\">En savoir plus sur Liz Upchurch<\/a><\/p>\n\n\n\n<div style=\"height:20px\" aria-hidden=\"true\" class=\"wp-block-spacer\"><\/div>\n<\/div>","protected":false},"excerpt":{"rendered":"<p>As part of the podcast series, \u201cArtsAbly in Conversation,\u201d Diane Kolin interviewed Indra Egan, a pianist and a vocal coach based in Vancouver. Among her multiple musical activities, she produces [&hellip;]<\/p>\n","protected":false},"author":1,"featured_media":1207,"comment_status":"closed","ping_status":"open","sticky":false,"template":"","format":"standard","meta":{"_EventAllDay":false,"_EventTimezone":"","_EventStartDate":"","_EventEndDate":"","_EventStartDateUTC":"","_EventEndDateUTC":"","_EventShowMap":false,"_EventShowMapLink":false,"_EventURL":"","_EventCost":"","_EventCostDescription":"","_EventCurrencySymbol":"","_EventCurrencyCode":"","_EventCurrencyPosition":"","_EventDateTimeSeparator":"","_EventTimeRangeSeparator":"","_EventOrganizerID":[],"_EventVenueID":[],"_OrganizerEmail":"","_OrganizerPhone":"","_OrganizerWebsite":"","_VenueAddress":"","_VenueCity":"","_VenueCountry":"","_VenueProvince":"","_VenueState":"","_VenueZip":"","_VenuePhone":"","_VenueURL":"","_VenueStateProvince":"","_VenueLat":"","_VenueLng":"","_VenueShowMap":false,"_VenueShowMapLink":false,"footnotes":""},"categories":[31,40],"tags":[],"class_list":["post-1205","post","type-post","status-publish","format-standard","has-post-thumbnail","hentry","category-blog","category-interviews"],"_links":{"self":[{"href":"https:\/\/www.artsably.com\/fr\/wp-json\/wp\/v2\/posts\/1205","targetHints":{"allow":["GET"]}}],"collection":[{"href":"https:\/\/www.artsably.com\/fr\/wp-json\/wp\/v2\/posts"}],"about":[{"href":"https:\/\/www.artsably.com\/fr\/wp-json\/wp\/v2\/types\/post"}],"author":[{"embeddable":true,"href":"https:\/\/www.artsably.com\/fr\/wp-json\/wp\/v2\/users\/1"}],"replies":[{"embeddable":true,"href":"https:\/\/www.artsably.com\/fr\/wp-json\/wp\/v2\/comments?post=1205"}],"version-history":[{"count":3,"href":"https:\/\/www.artsably.com\/fr\/wp-json\/wp\/v2\/posts\/1205\/revisions"}],"predecessor-version":[{"id":1221,"href":"https:\/\/www.artsably.com\/fr\/wp-json\/wp\/v2\/posts\/1205\/revisions\/1221"}],"wp:featuredmedia":[{"embeddable":true,"href":"https:\/\/www.artsably.com\/fr\/wp-json\/wp\/v2\/media\/1207"}],"wp:attachment":[{"href":"https:\/\/www.artsably.com\/fr\/wp-json\/wp\/v2\/media?parent=1205"}],"wp:term":[{"taxonomy":"category","embeddable":true,"href":"https:\/\/www.artsably.com\/fr\/wp-json\/wp\/v2\/categories?post=1205"},{"taxonomy":"post_tag","embeddable":true,"href":"https:\/\/www.artsably.com\/fr\/wp-json\/wp\/v2\/tags?post=1205"}],"curies":[{"name":"wp","href":"https:\/\/api.w.org\/{rel}","templated":true}]}}