{"id":1317,"date":"2024-06-01T20:57:50","date_gmt":"2024-06-02T00:57:50","guid":{"rendered":"https:\/\/www.artsably.com\/?p=1317"},"modified":"2025-12-14T11:42:46","modified_gmt":"2025-12-14T16:42:46","slug":"ressources-pour-lentretien-fournies-par-alex-bulmer","status":"publish","type":"post","link":"https:\/\/www.artsably.com\/fr\/interview-resources-provided-by-alex-bulmer\/","title":{"rendered":"Interview - Ressources fournies par Alex Bulmer"},"content":{"rendered":"<div class=\"wp-block-group has-global-padding is-layout-constrained wp-block-group-is-layout-constrained\">\n<p>Dans le cadre de la s\u00e9rie de podcasts \"ArtsAbly in Conversation\", Diane Kolin a interview\u00e9 Alex Bulmer, dramaturge et artiste de th\u00e9\u00e2tre canadien, qui travaille dans les domaines du th\u00e9\u00e2tre, du cin\u00e9ma, de la radio et de l'\u00e9ducation.<\/p>\n\n\n\n<figure class=\"wp-block-image size-large\"><img loading=\"lazy\" decoding=\"async\" width=\"682\" height=\"1024\" src=\"https:\/\/www.artsably.com\/wp-content\/uploads\/2024\/06\/AlexBulmer-682x1024.jpg\" alt=\"Une femme blanche aux cheveux bruns courts portant des lunettes de soleil \u00e0 monture verte et un sweat \u00e0 capuche marron et gris. Elle tient une canne blanche dans sa main droite.\" class=\"wp-image-1318\" srcset=\"https:\/\/www.artsably.com\/wp-content\/uploads\/2024\/06\/AlexBulmer-682x1024.jpg 682w, https:\/\/www.artsably.com\/wp-content\/uploads\/2024\/06\/AlexBulmer-200x300.jpg 200w, https:\/\/www.artsably.com\/wp-content\/uploads\/2024\/06\/AlexBulmer-768x1152.jpg 768w, https:\/\/www.artsably.com\/wp-content\/uploads\/2024\/06\/AlexBulmer-1024x1536.jpg 1024w, https:\/\/www.artsably.com\/wp-content\/uploads\/2024\/06\/AlexBulmer-8x12.jpg 8w, https:\/\/www.artsably.com\/wp-content\/uploads\/2024\/06\/AlexBulmer.jpg 1111w\" sizes=\"auto, (max-width: 682px) 100vw, 682px\" \/><\/figure>\n\n\n\n<div class=\"wp-block-columns is-layout-flex wp-container-core-columns-is-layout-28f84493 wp-block-columns-is-layout-flex\">\n<div class=\"wp-block-column is-layout-flow wp-block-column-is-layout-flow\" style=\"flex-basis:10%\">\n<figure class=\"wp-block-image size-full\"><a href=\"https:\/\/www.artsably.com\/fr\/episode-14-artsably-en-conversation-avec-alex-bulmer\/\"><img loading=\"lazy\" decoding=\"async\" width=\"50\" height=\"50\" src=\"https:\/\/www.artsably.com\/wp-content\/uploads\/2024\/03\/podcast_mic_icon50.png\" alt=\"Ic\u00f4ne repr\u00e9sentant un microphone\" class=\"wp-image-922\" srcset=\"https:\/\/www.artsably.com\/wp-content\/uploads\/2024\/03\/podcast_mic_icon50.png 50w, https:\/\/www.artsably.com\/wp-content\/uploads\/2024\/03\/podcast_mic_icon50-12x12.png 12w\" sizes=\"auto, (max-width: 50px) 100vw, 50px\" \/><\/a><\/figure>\n<\/div>\n\n\n\n<div class=\"wp-block-column is-vertically-aligned-center is-layout-flow wp-block-column-is-layout-flow\" style=\"flex-basis:90%\">\n<p><a href=\"https:\/\/www.artsably.com\/fr\/episode-14-artsably-en-conversation-avec-alex-bulmer\/\">\u00c9couter l'interview d'Alex Bulmer<\/a><\/p>\n<\/div>\n<\/div>\n\n\n\n<p id=\"block-9df7bc08-36bd-439a-bdbc-acf5b66ebb25\">Cette page pr\u00e9sente les ressources qu'elle a mentionn\u00e9es au cours de la conversation.<\/p>\n\n\n\n<div style=\"height:20px\" aria-hidden=\"true\" class=\"wp-block-spacer\"><\/div>\n\n\n\n<h2 class=\"wp-block-heading has-large-font-size\">Site web d'Alex Bulmer<\/h2>\n\n\n\n<p>Nomm\u00e9e l'une des artistes handicap\u00e9es les plus influentes par le magazine britannique Power, Alex Bulmer a plus de trente ans d'exp\u00e9rience professionnelle dans les domaines du th\u00e9\u00e2tre, du cin\u00e9ma, de la radio et de l'\u00e9ducation. Elle est anim\u00e9e par une curiosit\u00e9 pour l'improbable, se consacre \u00e0 la pratique de la collaboration et est profond\u00e9ment marqu\u00e9e par son exp\u00e9rience de la c\u00e9cit\u00e9.<\/p>\n\n\n\n<p><a href=\"https:\/\/alexbulmer.co.uk\/\" target=\"_blank\" rel=\"noreferrer noopener\">Visitez le site web d'Alex Bulmer<\/a><\/p>\n\n\n\n<div style=\"height:20px\" aria-hidden=\"true\" class=\"wp-block-spacer\"><\/div>\n\n\n\n<h2 class=\"wp-block-heading has-large-font-size\">Compagnie th\u00e9\u00e2trale Graeae<\/h2>\n\n\n\n<p>Depuis son ouverture officielle en 1980, la Graeae Theatre Company est un leader international et un innovateur dans le domaine du th\u00e9\u00e2tre accessible de classe mondiale. Graeae est fond\u00e9e sur la mission de cr\u00e9er l'excellence th\u00e9\u00e2trale \u00e0 travers la vision et la pratique d'artistes sourds, handicap\u00e9s et neurodivergents. Les exp\u00e9riences de ces artistes font partie de la gen\u00e8se de Graeae, les premi\u00e8res productions con\u00e7ues par la compagnie \u00e9tant sp\u00e9cifiquement \u00e9crites pour combattre les attentes de la soci\u00e9t\u00e9 \u00e0 l'\u00e9gard des personnes handicap\u00e9es. Alex a cr\u00e9\u00e9 le d\u00e9partement New Writing au sein du Graeae Theatre au Royaume-Uni.<\/p>\n\n\n\n<p><a href=\"https:\/\/graeae.org\/\" data-type=\"link\" data-id=\"https:\/\/graeae.org\/\" target=\"_blank\" rel=\"noreferrer noopener\">Visitez le site web de la Graeae Theatre Company<\/a><\/p>\n\n\n\n<div style=\"height:20px\" aria-hidden=\"true\" class=\"wp-block-spacer\"><\/div>\n\n\n\n<h2 class=\"wp-block-heading has-large-font-size\"><em>SMUDGE<\/em>, une pi\u00e8ce de th\u00e9\u00e2tre d'Alex Bulmer<\/h2>\n\n\n\n<p>Comme Freddie, le personnage central de Smudge, Bulmer a \u00e9t\u00e9 diagnostiqu\u00e9 il y a 13 ans avec une r\u00e9tinite pigmentaire, une maladie oculaire d\u00e9g\u00e9n\u00e9rative qui d\u00e9truit toute la vision p\u00e9riph\u00e9rique, sauf une partie limit\u00e9e. Cette pi\u00e8ce parle de la travers\u00e9e de l'obscurit\u00e9 - litt\u00e9rale ou m\u00e9taphorique - et de la sortie de l'autre c\u00f4t\u00e9.<\/p>\n\n\n\n<p><a href=\"https:\/\/nowtoronto.com\/culture\/alex-bulmers-groundbreaking-smudge-goes-inside-the-minds-eye-sight-unseen\/\" target=\"_blank\" rel=\"noreferrer noopener\">En savoir plus <em>SMUDGE<\/em> sur Now Toronto<\/a><\/p>\n\n\n\n<div style=\"height:20px\" aria-hidden=\"true\" class=\"wp-block-spacer\"><\/div>\n\n\n\n<h2 class=\"wp-block-heading has-large-font-size\"><em>La bataille des vents<\/em>C\u00e9r\u00e9monie d'ouverture des \u00e9preuves de voile des Jeux olympiques de Londres 2012<\/h2>\n\n\n\n<p>Un \u00e9v\u00e9nement th\u00e9\u00e2tral unique pour marquer les c\u00e9l\u00e9brations d'ouverture des \u00e9preuves de voile des Jeux olympiques et paralympiques de Londres 2012. D'une ampleur sans pr\u00e9c\u00e9dent, il raconte l'histoire d'une qu\u00eate h\u00e9ro\u00efque visant \u00e0 lib\u00e9rer les vents pour les comp\u00e9titions de voile. \u00c9ole, le p\u00e8re des vents, demande que tous les vents du sud-ouest soient amen\u00e9s \u00e0 Weymouth pour aider les marins olympiques. En r\u00e9ponse \u00e0 son appel, sept \u00e9quipes de collecteurs de vent de chaque r\u00e9gion du Sud-Ouest ont commenc\u00e9 \u00e0 rassembler les vents, en racontant des histoires au fur et \u00e0 mesure. Leur seule crainte est que le Doldrum, taill\u00e9 dans la pierre, ne se mette en travers de leur chemin.<\/p>\n\n\n\n<p><a href=\"https:\/\/www.battleforthewinds.com\/\" target=\"_blank\" rel=\"noreferrer noopener\">Visitez le site <em>La bataille des vents<\/em>Site web<\/a><\/p>\n\n\n\n<div style=\"height:20px\" aria-hidden=\"true\" class=\"wp-block-spacer\"><\/div>\n\n\n\n<h2 class=\"wp-block-heading has-large-font-size\">Jenny Sealey, directrice artistique de la Graeae Theatre Company<\/h2>\n\n\n\n<p>Jenny Sealey est directrice artistique de la Graeae Theatre Company depuis 1997 et pionni\u00e8re de la pratique th\u00e9\u00e2trale en mati\u00e8re d'inclusion. Elle a particip\u00e9 \u00e0 de nombreuses productions marquantes, dont la c\u00e9r\u00e9monie d'ouverture des Jeux paralympiques de 2012.<\/p>\n\n\n\n<p><a href=\"https:\/\/ablemagazine.co.uk\/interview-jenny-sealey\/\" target=\"_blank\" rel=\"noreferrer noopener\">Lire l'interview de Jenny Sealey sur Able Magazine<\/a><\/p>\n\n\n\n<div style=\"height:20px\" aria-hidden=\"true\" class=\"wp-block-spacer\"><\/div>\n\n\n\n<h2 class=\"wp-block-heading has-large-font-size\">Festival illimit\u00e9 au Southbank Centre<\/h2>\n\n\n\n<p>C\u00e9l\u00e9brant la vision artistique et la cr\u00e9ativit\u00e9 des artistes handicap\u00e9s, Unlimited est un festival multidisciplinaire qui pr\u00e9sente des \u0153uvres exceptionnelles de danse, de performance, de com\u00e9die, de musique, de po\u00e9sie et d'art visuel r\u00e9alis\u00e9es par des artistes handicap\u00e9s. Ce festival biennal est une vitrine pour les projets cr\u00e9atifs ambitieux produits par des artistes et des entreprises handicap\u00e9s qui couvrent tous les domaines artistiques et comprennent de nouvelles commandes, des \u0153uvres existantes et des \u00e9v\u00e9nements uniques sur mesure.<\/p>\n\n\n\n<p><a href=\"https:\/\/www.southbankcentre.co.uk\/whats-on\/festivals-series\/unlimited?tab=overview\" target=\"_blank\" rel=\"noreferrer noopener\">Lire le programme du festival Unlimited 2024<\/a><\/p>\n\n\n\n<div style=\"height:20px\" aria-hidden=\"true\" class=\"wp-block-spacer\"><\/div>\n\n\n\n<h2 class=\"wp-block-heading has-large-font-size\"><em>Suicide assist\u00e9 : La com\u00e9die musicale<\/em>par Liz Carr&nbsp;<\/h2>\n\n\n\n<p><em>Suicide assist\u00e9 : La com\u00e9die musicale<\/em>&nbsp;a provoqu\u00e9 le public en subvertissant les notions de choix, de dignit\u00e9, de compassion et de qualit\u00e9 de vie par le biais de la musique, de la com\u00e9die, du spectacle et de l'humanit\u00e9 partag\u00e9e.<\/p>\n\n\n\n<p><a href=\"https:\/\/weareunlimited.org.uk\/commissions-artists\/commissions\/assisted-suicide-the-musical\/\" target=\"_blank\" rel=\"noreferrer noopener\">En savoir plus <em>Suicide assist\u00e9 : La com\u00e9die musicale<\/em><\/a><\/p>\n\n\n\n<div style=\"height:20px\" aria-hidden=\"true\" class=\"wp-block-spacer\"><\/div>\n\n\n\n<h2 class=\"wp-block-heading has-large-font-size\">Perceptual Archaeology (or How To Travel Blind), d'Alex Blumer, mise en sc\u00e8ne de Leah Cherniak<\/h2>\n\n\n\n<p>Qu'est-ce que voyager \u00e0 l'aveugle ? L'artiste aveugle Alex Bulmer vous invite \u00e0 participer \u00e0 une \"conf\u00e9rence\" en cinq parties qui explore cette question. Adapt\u00e9 pour le th\u00e9\u00e2tre \u00e0 partir de ses essais de voyage \u00e0 l'aveugle, Alex se lance dans un voyage dramatique qui se transforme de mani\u00e8re ludique \u00e0 travers des g\u00e9ographies diff\u00e9rentes et un terrain \u00e9motionnel inattendu. Imaginez une pi\u00e8ce cr\u00e9\u00e9e par des artistes aveugles et voyants. Imaginez une pi\u00e8ce d\u00e9velopp\u00e9e avec l'amour de l'improvisation, du son, de l'absurde et de l'incertain. Une bande-annonce et un programme audio sont disponibles sur le site web.<\/p>\n\n\n\n<p><a href=\"https:\/\/www.perceptualarchaeology.com\/\" target=\"_blank\" rel=\"noreferrer noopener\">Visitez le site web de Perceptual Archaeology<\/a><\/p>\n\n\n\n<div style=\"height:20px\" aria-hidden=\"true\" class=\"wp-block-spacer\"><\/div>\n\n\n\n<h2 class=\"wp-block-heading has-large-font-size\">James Holman<\/h2>\n\n\n\n<p>James Holman \u00e9tait largement connu aux XVIIIe et XIXe si\u00e8cles pour ses p\u00e9r\u00e9grinations sous le nom de \"voyageur aveugle\", un nom qui lui est rest\u00e9. Les premi\u00e8res p\u00e9r\u00e9grinations de Holman l'ont men\u00e9 \u00e0 travers l'Europe, la France, la Suisse, l'Italie, l'Allemagne, la Belgique et les Pays-Bas.&nbsp;<\/p>\n\n\n\n<p><a href=\"https:\/\/www.blindasabackpack.com\/inspirations\/james-holman-the-blind-traveller\/\" target=\"_blank\" rel=\"noreferrer noopener\">En savoir plus sur les voyages de James Holman<\/a><\/p>\n\n\n\n<div style=\"height:20px\" aria-hidden=\"true\" class=\"wp-block-spacer\"><\/div>\n\n\n\n<h2 class=\"wp-block-heading has-large-font-size\">Connecteur cr\u00e9atif<\/h2>\n\n\n\n<p>Creative Connector est un centre artistique en ligne destin\u00e9 aux artistes et aux cr\u00e9ateurs handicap\u00e9s qui souhaitent trouver une communaut\u00e9 et d\u00e9couvrir des \u00e9v\u00e9nements et des opportunit\u00e9s accessibles dans le domaine des arts.<\/p>\n\n\n\n<p><a href=\"https:\/\/www.creativeconnector.art\/\" target=\"_blank\" rel=\"noreferrer noopener\">Visitez le site web de Creative Connector<\/a><\/p>\n\n\n\n<div style=\"height:20px\" aria-hidden=\"true\" class=\"wp-block-spacer\"><\/div>\n\n\n\n<h2 class=\"wp-block-heading has-large-font-size\">Jo Jo Rideout<\/h2>\n\n\n\n<p>Jo Jo Rideout est actrice et coach vocal. Elle a enseign\u00e9 \u00e0 l'Universit\u00e9 Bishops et \u00e0 l'\u00c9cole nationale de th\u00e9\u00e2tre du Canada. Elle travaille avec des \u00e9tudiants et encadre des spectacles professionnels pour les aider \u00e0 d\u00e9couvrir la force et les nuances de leur propre voix.<\/p>\n\n\n\n<p><a href=\"https:\/\/www.jorideout.com\/\" target=\"_blank\" rel=\"noreferrer noopener\">Visitez le site web de Jo Jo Rideout<\/a><\/p>\n\n\n\n<div style=\"height:20px\" aria-hidden=\"true\" class=\"wp-block-spacer\"><\/div>\n\n\n\n<h2 class=\"wp-block-heading has-large-font-size\">Lina Chartrand<\/h2>\n\n\n\n<p>Lina Chartrand (1948 - 1994) est une \u00e9crivaine et cr\u00e9atrice de th\u00e9\u00e2tre canadienne. Elle est cofondatrice de la compagnie de th\u00e9\u00e2tre f\u00e9ministe Company of Sirens. Son \u0153uvre la plus c\u00e9l\u00e8bre est la pi\u00e8ce de th\u00e9\u00e2tre bilingue et partiellement autobiographique, <em>La P'tite Miss Timbres de P\u00e2ques<\/em>.<\/p>\n\n\n\n<p><a href=\"https:\/\/en.wikipedia.org\/wiki\/Lina_Chartrand\" target=\"_blank\" rel=\"noreferrer noopener\">Pour en savoir plus sur la vie de Lina Chartrand, consultez Wikipedia<\/a><\/p>\n\n\n\n<div style=\"height:20px\" aria-hidden=\"true\" class=\"wp-block-spacer\"><\/div>\n<\/div>","protected":false},"excerpt":{"rendered":"<p>As part of the podcast series, \u201cArtsAbly in Conversation,\u201d Diane Kolin interviewed Alex Bulmer, a Canadian playwright and theatre artist, working in theatre, film, radio, and education. Listen to Alex [&hellip;]<\/p>\n","protected":false},"author":1,"featured_media":1318,"comment_status":"closed","ping_status":"open","sticky":false,"template":"","format":"standard","meta":{"_EventAllDay":false,"_EventTimezone":"","_EventStartDate":"","_EventEndDate":"","_EventStartDateUTC":"","_EventEndDateUTC":"","_EventShowMap":false,"_EventShowMapLink":false,"_EventURL":"","_EventCost":"","_EventCostDescription":"","_EventCurrencySymbol":"","_EventCurrencyCode":"","_EventCurrencyPosition":"","_EventDateTimeSeparator":"","_EventTimeRangeSeparator":"","_EventOrganizerID":[],"_EventVenueID":[],"_OrganizerEmail":"","_OrganizerPhone":"","_OrganizerWebsite":"","_VenueAddress":"","_VenueCity":"","_VenueCountry":"","_VenueProvince":"","_VenueState":"","_VenueZip":"","_VenuePhone":"","_VenueURL":"","_VenueStateProvince":"","_VenueLat":"","_VenueLng":"","_VenueShowMap":false,"_VenueShowMapLink":false,"footnotes":""},"categories":[31,40],"tags":[],"class_list":["post-1317","post","type-post","status-publish","format-standard","has-post-thumbnail","hentry","category-blog","category-interviews"],"_links":{"self":[{"href":"https:\/\/www.artsably.com\/fr\/wp-json\/wp\/v2\/posts\/1317","targetHints":{"allow":["GET"]}}],"collection":[{"href":"https:\/\/www.artsably.com\/fr\/wp-json\/wp\/v2\/posts"}],"about":[{"href":"https:\/\/www.artsably.com\/fr\/wp-json\/wp\/v2\/types\/post"}],"author":[{"embeddable":true,"href":"https:\/\/www.artsably.com\/fr\/wp-json\/wp\/v2\/users\/1"}],"replies":[{"embeddable":true,"href":"https:\/\/www.artsably.com\/fr\/wp-json\/wp\/v2\/comments?post=1317"}],"version-history":[{"count":5,"href":"https:\/\/www.artsably.com\/fr\/wp-json\/wp\/v2\/posts\/1317\/revisions"}],"predecessor-version":[{"id":1339,"href":"https:\/\/www.artsably.com\/fr\/wp-json\/wp\/v2\/posts\/1317\/revisions\/1339"}],"wp:featuredmedia":[{"embeddable":true,"href":"https:\/\/www.artsably.com\/fr\/wp-json\/wp\/v2\/media\/1318"}],"wp:attachment":[{"href":"https:\/\/www.artsably.com\/fr\/wp-json\/wp\/v2\/media?parent=1317"}],"wp:term":[{"taxonomy":"category","embeddable":true,"href":"https:\/\/www.artsably.com\/fr\/wp-json\/wp\/v2\/categories?post=1317"},{"taxonomy":"post_tag","embeddable":true,"href":"https:\/\/www.artsably.com\/fr\/wp-json\/wp\/v2\/tags?post=1317"}],"curies":[{"name":"wp","href":"https:\/\/api.w.org\/{rel}","templated":true}]}}