{"id":1342,"date":"2024-06-09T19:52:41","date_gmt":"2024-06-09T23:52:41","guid":{"rendered":"https:\/\/www.artsably.com\/?p=1342"},"modified":"2025-12-14T11:42:52","modified_gmt":"2025-12-14T16:42:52","slug":"ressources-pour-lentretien-fournies-par-alex-masse","status":"publish","type":"post","link":"https:\/\/www.artsably.com\/fr\/interview-resources-provided-by-alex-masse\/","title":{"rendered":"Interview - Ressources fournies par Alex Masse"},"content":{"rendered":"<div class=\"wp-block-group has-global-padding is-layout-constrained wp-block-group-is-layout-constrained\">\n<p>Dans le cadre de la s\u00e9rie de podcasts \"ArtsAbly in Conversation\", Diane Kolin a interview\u00e9 Alex Masse, \u00e9crivain, musicien et sp\u00e9cialiste de la communication vivant \u00e0 Vancouver.<\/p>\n\n\n\n<figure class=\"wp-block-image aligncenter size-large\"><img loading=\"lazy\" decoding=\"async\" width=\"768\" height=\"1024\" src=\"https:\/\/www.artsably.com\/wp-content\/uploads\/2024\/06\/0F86A800-78FC-4BA5-BF67-45F777092E68-768x1024.png\" alt=\"Une personne blanche non binaire aux cheveux courts boucl\u00e9s noirs et aux lunettes teint\u00e9es de rose tenant un instrument de musique ressemblant \u00e0 une autoharpe.\" class=\"wp-image-1341\" srcset=\"https:\/\/www.artsably.com\/wp-content\/uploads\/2024\/06\/0F86A800-78FC-4BA5-BF67-45F777092E68-768x1024.png 768w, https:\/\/www.artsably.com\/wp-content\/uploads\/2024\/06\/0F86A800-78FC-4BA5-BF67-45F777092E68-225x300.png 225w, https:\/\/www.artsably.com\/wp-content\/uploads\/2024\/06\/0F86A800-78FC-4BA5-BF67-45F777092E68-1152x1536.png 1152w, https:\/\/www.artsably.com\/wp-content\/uploads\/2024\/06\/0F86A800-78FC-4BA5-BF67-45F777092E68-9x12.png 9w, https:\/\/www.artsably.com\/wp-content\/uploads\/2024\/06\/0F86A800-78FC-4BA5-BF67-45F777092E68-1320x1760.png 1320w, https:\/\/www.artsably.com\/wp-content\/uploads\/2024\/06\/0F86A800-78FC-4BA5-BF67-45F777092E68.png 1536w\" sizes=\"auto, (max-width: 768px) 100vw, 768px\" \/><\/figure>\n\n\n\n<div class=\"wp-block-columns is-layout-flex wp-container-core-columns-is-layout-28f84493 wp-block-columns-is-layout-flex\">\n<div class=\"wp-block-column is-layout-flow wp-block-column-is-layout-flow\" style=\"flex-basis:10%\">\n<figure class=\"wp-block-image size-full\"><a href=\"https:\/\/www.artsably.com\/fr\/episode-15-artsably-en-conversation-avec-alex-masse\/\"><img loading=\"lazy\" decoding=\"async\" width=\"50\" height=\"50\" src=\"https:\/\/www.artsably.com\/wp-content\/uploads\/2024\/03\/podcast_mic_icon50.png\" alt=\"Ic\u00f4ne repr\u00e9sentant un microphone\" class=\"wp-image-922\" srcset=\"https:\/\/www.artsably.com\/wp-content\/uploads\/2024\/03\/podcast_mic_icon50.png 50w, https:\/\/www.artsably.com\/wp-content\/uploads\/2024\/03\/podcast_mic_icon50-12x12.png 12w\" sizes=\"auto, (max-width: 50px) 100vw, 50px\" \/><\/a><\/figure>\n<\/div>\n\n\n\n<div class=\"wp-block-column is-vertically-aligned-center is-layout-flow wp-block-column-is-layout-flow\" style=\"flex-basis:90%\">\n<p><a href=\"https:\/\/www.artsably.com\/fr\/episode-15-artsably-en-conversation-avec-alex-masse\/\">\u00c9couter l'interview d'Alex Masse<\/a><\/p>\n<\/div>\n<\/div>\n\n\n\n<p id=\"block-9df7bc08-36bd-439a-bdbc-acf5b66ebb25\">Ce billet pr\u00e9sente les ressources qu'ils ont mentionn\u00e9es au cours de la conversation. <\/p>\n\n\n\n<div style=\"height:20px\" aria-hidden=\"true\" class=\"wp-block-spacer\"><\/div>\n\n\n\n<h2 class=\"wp-block-heading has-large-font-size\">Site web d'Alex Masse<\/h2>\n\n\n\n<p>Alex K. Masse, alias Fairything, est un \u00e9crivain, musicien et sp\u00e9cialiste de la communication originaire de ce qui est colonialement connu sous le nom de Colombie-Britannique. Son travail a \u00e9t\u00e9 vu partout, des Scholastic Writing Awards \u00e0 Autostraddle, ainsi qu'en collaboration avec Penelope Scott, Vancouver Pride, Simon Fraser University, et plus encore. Elle est aussi une lesbienne non binaire neurodivergente, ce qui affecte grandement son processus.<\/p>\n\n\n\n<p><a href=\"https:\/\/alexkmasse.ca\/\" target=\"_blank\" rel=\"noreferrer noopener\">Visitez le site web d'Alex Masse<\/a><\/p>\n\n\n\n<div style=\"height:20px\" aria-hidden=\"true\" class=\"wp-block-spacer\"><\/div>\n\n\n\n<h2 class=\"wp-block-heading has-large-font-size\">Accord Q de Suzuki&nbsp;<\/h2>\n\n\n\n<p>Le Q Chord est l'un des instruments de la s\u00e9rie Omnichord. Il int\u00e8gre la technologie d'un clavier de base et d'une guitare \u00e9lectrique et les combine de mani\u00e8re portable et facile \u00e0 utiliser. L'instrument est divis\u00e9 en trois sections : une \"plaque de grattage\" sensible au toucher, une section rythmique et une section de boutons d'accord. Chacune de ces parties peut \u00eatre utilis\u00e9e ind\u00e9pendamment ou combin\u00e9e. Il est possible d'obtenir de nombreux sons merveilleux et vari\u00e9s \u00e0 partir de la plaque de grattage et la combinaison de diff\u00e9rents sons musicaux est \u00e0 la fois impressionnante et inhabituelle.<\/p>\n\n\n\n<p><a href=\"http:\/\/www.suzukimusic.co.uk\/qchord\/\" target=\"_blank\" rel=\"noreferrer noopener\">En savoir plus sur l'accord Q<\/a><\/p>\n\n\n\n<div style=\"height:20px\" aria-hidden=\"true\" class=\"wp-block-spacer\"><\/div>\n\n\n\n<h2 class=\"wp-block-heading has-large-font-size\">Podcast du projet Future Perfect<\/h2>\n\n\n\n<p>Alors que les l\u00e9gislateurs font des heures suppl\u00e9mentaires pour adopter des lois et proposer des mesures visant \u00e0 limiter l'expression des jeunes homosexuels dans les \u00e9coles et les communaut\u00e9s, le projet Future Perfect encourage la prochaine g\u00e9n\u00e9ration \u00e0 dire sa v\u00e9rit\u00e9 et \u00e0 chanter ses chansons de demain. <\/p>\n\n\n\n<p>Alex a \u00e9t\u00e9 membre de la cohorte de podcasting du Future Perfect Project et a \u00e9t\u00e9 compositeur, coproducteur et co-animateur de la premi\u00e8re saison du podcast de l'organisation, I'm Feeling Queer Today.<\/p>\n\n\n\n<p><a href=\"https:\/\/www.thefutureperfectproject.org\/podcast\" target=\"_blank\" rel=\"noreferrer noopener\">\u00c9couter le podcast du projet Future Perfect <\/a><\/p>\n\n\n\n<div style=\"height:20px\" aria-hidden=\"true\" class=\"wp-block-spacer\"><\/div>\n\n\n\n<h2 class=\"wp-block-heading has-large-font-size\">Th\u00e9\u00e2tre Realwheels<\/h2>\n\n\n\n<p>Realwheels Theatre est une compagnie canadienne de th\u00e9\u00e2tre pour personnes handicap\u00e9es bas\u00e9e \u00e0 Vancouver, en Colombie-Britannique. Realwheels a \u00e9t\u00e9 fond\u00e9 en 2003 par James Sanders et a depuis re\u00e7u plusieurs Jessie Richardson Theatre Awards et nominations.<\/p>\n\n\n\n<div style=\"height:20px\" aria-hidden=\"true\" class=\"wp-block-spacer\"><\/div>\n\n\n\n<h2 class=\"wp-block-heading has-large-font-size\">Le Frank Theatre<\/h2>\n\n\n\n<p>Cr\u00e9\u00e9 en 1996, le frank est la plus ancienne compagnie professionnelle de th\u00e9\u00e2tre queer bas\u00e9e sur les terres occup\u00e9es et vol\u00e9es des x\u02b7m\u0259\u03b8k\u02b7\u0259y\u0313\u0259m (Musqueam), S\u1e35wx\u0331w\u00fa7mesh (Squamish) et s\u0259lil\u0313w\u0259ta\u0294\u026c (Tsleil-Waututh) des Premi\u00e8res Nations, dont le nom colonial est Vancouver, BC, Canada. Ils jouent un r\u00f4le crucial dans l'\u00e9cologie th\u00e9\u00e2trale de cette ville : ils sont l'une des rares organisations th\u00e9\u00e2trales du pays dirig\u00e9e par une femme de couleur immigr\u00e9e et genderqueer, et nous collaborons avec une grande communaut\u00e9 d'artistes et de travailleurs artistiques 2SLGBTQ+.<\/p>\n\n\n\n<p><a href=\"https:\/\/www.thefranktheatre.com\/\" target=\"_blank\" rel=\"noreferrer noopener\">Visitez le site du Frank Theatre<\/a><\/p>\n\n\n\n<div style=\"height:20px\" aria-hidden=\"true\" class=\"wp-block-spacer\"><\/div>\n\n\n\n<h2 class=\"wp-block-heading has-large-font-size\"><em>La chambre de Faye<\/em>&nbsp;avec Realwheels Theatre et The Frank Theatre<\/h2>\n\n\n\n<p>Depuis leur mentorat en po\u00e9sie et en dramaturgie au Frank Theatre, Telling it Bent, Alex a \u00e9crit des \u0153uvres pr\u00e9sent\u00e9es au Arts Club, au Gateway Theatre, au Fabulist Theatre, au Realwheels Theatre, et plus encore. Plus r\u00e9cemment, ils ont c\u00e9l\u00e9br\u00e9 la deuxi\u00e8me lecture de leur pi\u00e8ce en un acte,&nbsp;<em>La chambre de Faye<\/em>&nbsp;avec Realwheels Theatre et The Frank Theatre, qui traite de la solidarit\u00e9 neurodivergente, des liens interg\u00e9n\u00e9rationnels et de l'incapacit\u00e9 int\u00e9rioris\u00e9e, et plonge les spectateurs dans le prisme de l'autisme, un monde de mannequins vivants, de salles de voyage et de fant\u00f4mes. La lecture a eu lieu au Roundhouse \u00e0 Vancouver.<\/p>\n\n\n\n<p><a href=\"https:\/\/alexkmasse.ca\/plays-scripts\/\" target=\"_blank\" rel=\"noreferrer noopener\">En savoir plus sur la chambre de Faye<\/a><\/p>\n\n\n\n<div style=\"height:20px\" aria-hidden=\"true\" class=\"wp-block-spacer\"><\/div>\n\n\n\n<h2 class=\"wp-block-heading has-large-font-size\">Shawn McDonald <\/h2>\n\n\n\n<p>Shawn est acteur et dramaturge. Ses pi\u00e8ces ont \u00e9t\u00e9 produites \u00e0 l'Arts Club, au Touchstone Theatre et au Pacific Theatre. Il a remport\u00e9 deux Jessie Awards pour l'\u00e9criture dramatique pour&nbsp;<em>Le plus grand homme du monde<\/em>&nbsp;et&nbsp;<em>Le fils prodigue.&nbsp;<\/em>Shawn est responsable du programme LEAP Playwriting Intensive for Young Writers \u00e0 l'Arts Club depuis plus de 10 ans. Il adore \u00e9crire des pi\u00e8ces de th\u00e9\u00e2tre et participer au processus de d\u00e9veloppement avec d'autres dramaturges.<\/p>\n\n\n\n<p><a href=\"https:\/\/bocadellupo.com\/collaborators\/shawn-macdonald\" target=\"_blank\" rel=\"noreferrer noopener\">En savoir plus sur Shawn McDonald<\/a><\/p>\n\n\n\n<div style=\"height:20px\" aria-hidden=\"true\" class=\"wp-block-spacer\"><\/div>\n<\/div>","protected":false},"excerpt":{"rendered":"<p>As part of the podcast series, \u201cArtsAbly in Conversation,\u201d Diane Kolin interviewed Alex Masse, a writer, a musician, and a communications specialist living in Vancouver. Listen to Alex Masse&#8217;s interview [&hellip;]<\/p>\n","protected":false},"author":1,"featured_media":1341,"comment_status":"closed","ping_status":"open","sticky":false,"template":"","format":"standard","meta":{"_EventAllDay":false,"_EventTimezone":"","_EventStartDate":"","_EventEndDate":"","_EventStartDateUTC":"","_EventEndDateUTC":"","_EventShowMap":false,"_EventShowMapLink":false,"_EventURL":"","_EventCost":"","_EventCostDescription":"","_EventCurrencySymbol":"","_EventCurrencyCode":"","_EventCurrencyPosition":"","_EventDateTimeSeparator":"","_EventTimeRangeSeparator":"","_EventOrganizerID":[],"_EventVenueID":[],"_OrganizerEmail":"","_OrganizerPhone":"","_OrganizerWebsite":"","_VenueAddress":"","_VenueCity":"","_VenueCountry":"","_VenueProvince":"","_VenueState":"","_VenueZip":"","_VenuePhone":"","_VenueURL":"","_VenueStateProvince":"","_VenueLat":"","_VenueLng":"","_VenueShowMap":false,"_VenueShowMapLink":false,"footnotes":""},"categories":[31,40],"tags":[],"class_list":["post-1342","post","type-post","status-publish","format-standard","has-post-thumbnail","hentry","category-blog","category-interviews"],"_links":{"self":[{"href":"https:\/\/www.artsably.com\/fr\/wp-json\/wp\/v2\/posts\/1342","targetHints":{"allow":["GET"]}}],"collection":[{"href":"https:\/\/www.artsably.com\/fr\/wp-json\/wp\/v2\/posts"}],"about":[{"href":"https:\/\/www.artsably.com\/fr\/wp-json\/wp\/v2\/types\/post"}],"author":[{"embeddable":true,"href":"https:\/\/www.artsably.com\/fr\/wp-json\/wp\/v2\/users\/1"}],"replies":[{"embeddable":true,"href":"https:\/\/www.artsably.com\/fr\/wp-json\/wp\/v2\/comments?post=1342"}],"version-history":[{"count":22,"href":"https:\/\/www.artsably.com\/fr\/wp-json\/wp\/v2\/posts\/1342\/revisions"}],"predecessor-version":[{"id":1380,"href":"https:\/\/www.artsably.com\/fr\/wp-json\/wp\/v2\/posts\/1342\/revisions\/1380"}],"wp:featuredmedia":[{"embeddable":true,"href":"https:\/\/www.artsably.com\/fr\/wp-json\/wp\/v2\/media\/1341"}],"wp:attachment":[{"href":"https:\/\/www.artsably.com\/fr\/wp-json\/wp\/v2\/media?parent=1342"}],"wp:term":[{"taxonomy":"category","embeddable":true,"href":"https:\/\/www.artsably.com\/fr\/wp-json\/wp\/v2\/categories?post=1342"},{"taxonomy":"post_tag","embeddable":true,"href":"https:\/\/www.artsably.com\/fr\/wp-json\/wp\/v2\/tags?post=1342"}],"curies":[{"name":"wp","href":"https:\/\/api.w.org\/{rel}","templated":true}]}}