{"id":2003,"date":"2024-12-13T02:09:18","date_gmt":"2024-12-13T07:09:18","guid":{"rendered":"https:\/\/www.artsably.com\/?p=2003"},"modified":"2025-12-14T11:45:35","modified_gmt":"2025-12-14T16:45:35","slug":"artsably-interviewe-par-beats-research-radios-podcast","status":"publish","type":"post","link":"https:\/\/www.artsably.com\/fr\/artsably-interviewed-by-beats-research-radios-podcast\/","title":{"rendered":"ArtsAbly interview\u00e9 par le podcast de BEaTS Research Radio"},"content":{"rendered":"<div class=\"wp-block-group has-global-padding is-layout-constrained wp-block-group-is-layout-constrained\">\n<figure class=\"wp-block-image aligncenter size-medium\"><img loading=\"lazy\" decoding=\"async\" width=\"300\" height=\"300\" src=\"https:\/\/www.artsably.com\/wp-content\/uploads\/2024\/12\/BEaTS-Radio-300x300.jpg\" alt=\"Un logo circulaire rouge contenant des \u00e9couteurs blancs et le nom de l&#039;\u00e9mission, BEaTS Radio.\" class=\"wp-image-2005\" srcset=\"https:\/\/www.artsably.com\/wp-content\/uploads\/2024\/12\/BEaTS-Radio-300x300.jpg 300w, https:\/\/www.artsably.com\/wp-content\/uploads\/2024\/12\/BEaTS-Radio-150x150.jpg 150w, https:\/\/www.artsably.com\/wp-content\/uploads\/2024\/12\/BEaTS-Radio-12x12.jpg 12w, https:\/\/www.artsably.com\/wp-content\/uploads\/2024\/12\/BEaTS-Radio.jpg 600w\" sizes=\"auto, (max-width: 300px) 100vw, 300px\" \/><\/figure>\n\n\n\n<p>Le podcast de BEaTS Research Radio a r\u00e9alis\u00e9 un \u00e9pisode sp\u00e9cial lors de la derni\u00e8re conf\u00e9rence de l'Institut de recherche sur la musique et la sant\u00e9 qui se tiendra \u00e0 Ottawa en mai 2024. Lucas Marchand a interview\u00e9 <a href=\"https:\/\/www.linkedin.com\/in\/ACoAADgrKFIBlZQz03FqMVyWGC6zeiifOaK8iK4\"><\/a>Diane Kolin d'ArtsAbly, ainsi que Kayla Carter de Xenia Concerts, <a href=\"https:\/\/www.linkedin.com\/in\/ACoAADm8EZEBcoOeJSl2gqc8IZmJJFLZQR4HSkg\"><\/a>Charlotte Gagnon de l'Op\u00e9ra de Montr\u00e9al, <a href=\"https:\/\/www.linkedin.com\/in\/ACoAAC5WbkABsI-NhNAB-NunUBtQ_qReJ797irM\"><\/a>Carol Wiebe, de Radical Connections, et Nicola Oddy, musicoth\u00e9rapeute.<br><br>Remerciements \u00e0 <a href=\"https:\/\/www.linkedin.com\/in\/ACoAAAdUPhwBN2ILrSbE2rg00xfTrSyqvXiFDlk\"><\/a>Rory McLeod de Xenia Concerts pour avoir partag\u00e9 le lien.<br><br>\u00c9coutez la s\u00e9rie d'interviews et d\u00e9couvrez quelques-uns des fantastiques projets et intervenants que nous avons pu d\u00e9couvrir lors de la conf\u00e9rence.<\/p>\n\n\n\n<p><a href=\"https:\/\/www.buzzsprout.com\/591520\/episodes\/15906366\" target=\"_blank\" rel=\"noreferrer noopener\">Acc\u00e9der \u00e0 l'interview<\/a><\/p>\n\n\n\n<div style=\"height:20px\" aria-hidden=\"true\" class=\"wp-block-spacer\"><\/div>\n<\/div>","protected":false},"excerpt":{"rendered":"<p>BEaTS Research Radio&#8217;s Podcast made a special episode during the last Music and Health Research Institute conference in Ottawa in May 2024. Lucas Marchand interviewed Diane Kolin from ArtsAbly, along [&hellip;]<\/p>\n","protected":false},"author":1,"featured_media":2005,"comment_status":"closed","ping_status":"open","sticky":false,"template":"","format":"standard","meta":{"_EventAllDay":false,"_EventTimezone":"","_EventStartDate":"","_EventEndDate":"","_EventStartDateUTC":"","_EventEndDateUTC":"","_EventShowMap":false,"_EventShowMapLink":false,"_EventURL":"","_EventCost":"","_EventCostDescription":"","_EventCurrencySymbol":"","_EventCurrencyCode":"","_EventCurrencyPosition":"","_EventDateTimeSeparator":"","_EventTimeRangeSeparator":"","_EventOrganizerID":[],"_EventVenueID":[],"_OrganizerEmail":"","_OrganizerPhone":"","_OrganizerWebsite":"","_VenueAddress":"","_VenueCity":"","_VenueCountry":"","_VenueProvince":"","_VenueState":"","_VenueZip":"","_VenuePhone":"","_VenueURL":"","_VenueStateProvince":"","_VenueLat":"","_VenueLng":"","_VenueShowMap":false,"_VenueShowMapLink":false,"footnotes":""},"categories":[31,41],"tags":[],"class_list":["post-2003","post","type-post","status-publish","format-standard","has-post-thumbnail","hentry","category-blog","category-news-reports"],"_links":{"self":[{"href":"https:\/\/www.artsably.com\/fr\/wp-json\/wp\/v2\/posts\/2003","targetHints":{"allow":["GET"]}}],"collection":[{"href":"https:\/\/www.artsably.com\/fr\/wp-json\/wp\/v2\/posts"}],"about":[{"href":"https:\/\/www.artsably.com\/fr\/wp-json\/wp\/v2\/types\/post"}],"author":[{"embeddable":true,"href":"https:\/\/www.artsably.com\/fr\/wp-json\/wp\/v2\/users\/1"}],"replies":[{"embeddable":true,"href":"https:\/\/www.artsably.com\/fr\/wp-json\/wp\/v2\/comments?post=2003"}],"version-history":[{"count":3,"href":"https:\/\/www.artsably.com\/fr\/wp-json\/wp\/v2\/posts\/2003\/revisions"}],"predecessor-version":[{"id":2008,"href":"https:\/\/www.artsably.com\/fr\/wp-json\/wp\/v2\/posts\/2003\/revisions\/2008"}],"wp:featuredmedia":[{"embeddable":true,"href":"https:\/\/www.artsably.com\/fr\/wp-json\/wp\/v2\/media\/2005"}],"wp:attachment":[{"href":"https:\/\/www.artsably.com\/fr\/wp-json\/wp\/v2\/media?parent=2003"}],"wp:term":[{"taxonomy":"category","embeddable":true,"href":"https:\/\/www.artsably.com\/fr\/wp-json\/wp\/v2\/categories?post=2003"},{"taxonomy":"post_tag","embeddable":true,"href":"https:\/\/www.artsably.com\/fr\/wp-json\/wp\/v2\/tags?post=2003"}],"curies":[{"name":"wp","href":"https:\/\/api.w.org\/{rel}","templated":true}]}}