{"id":2080,"date":"2025-01-12T10:26:00","date_gmt":"2025-01-12T15:26:00","guid":{"rendered":"https:\/\/www.artsably.com\/?p=2080"},"modified":"2025-12-14T11:46:05","modified_gmt":"2025-12-14T16:46:05","slug":"ressources-pour-lentretien-fournies-par-kemal-gorey","status":"publish","type":"post","link":"https:\/\/www.artsably.com\/fr\/interview-resources-provided-by-kemal-gorey\/","title":{"rendered":"Interview - Ressources fournies par Kemal Gorey"},"content":{"rendered":"<div class=\"wp-block-group has-global-padding is-layout-constrained wp-block-group-is-layout-constrained\">\n<p>Dans le cadre de la s\u00e9rie de podcasts \"ArtsAbly in Conversation\", Diane Kolin a interview\u00e9 Kemal Gorey, compositeur de m\u00e9dias et d\u00e9fenseur de l'accessibilit\u00e9 vivant \u00e0 Istanbul, en Turquie.<\/p>\n\n\n\n<figure class=\"wp-block-image aligncenter size-large\"><img loading=\"lazy\" decoding=\"async\" width=\"736\" height=\"1024\" src=\"https:\/\/www.artsably.com\/wp-content\/uploads\/2025\/01\/Kemal-Gorey-headshot-736x1024.jpg\" alt=\"Un homme blanc avec des cheveux fonc\u00e9s au niveau des \u00e9paules et des lunettes \u00e0 monture fonc\u00e9e, portant un pull noir sur une chemise blanche, souriant \u00e0 la cam\u00e9ra.\" class=\"wp-image-2079\" srcset=\"https:\/\/www.artsably.com\/wp-content\/uploads\/2025\/01\/Kemal-Gorey-headshot-736x1024.jpg 736w, https:\/\/www.artsably.com\/wp-content\/uploads\/2025\/01\/Kemal-Gorey-headshot-215x300.jpg 215w, https:\/\/www.artsably.com\/wp-content\/uploads\/2025\/01\/Kemal-Gorey-headshot-768x1069.jpg 768w, https:\/\/www.artsably.com\/wp-content\/uploads\/2025\/01\/Kemal-Gorey-headshot-1103x1536.jpg 1103w, https:\/\/www.artsably.com\/wp-content\/uploads\/2025\/01\/Kemal-Gorey-headshot-9x12.jpg 9w, https:\/\/www.artsably.com\/wp-content\/uploads\/2025\/01\/Kemal-Gorey-headshot-1320x1838.jpg 1320w, https:\/\/www.artsably.com\/wp-content\/uploads\/2025\/01\/Kemal-Gorey-headshot.jpg 1471w\" sizes=\"auto, (max-width: 736px) 100vw, 736px\" \/><\/figure>\n\n\n\n<div class=\"wp-block-columns is-layout-flex wp-container-core-columns-is-layout-28f84493 wp-block-columns-is-layout-flex\">\n<div class=\"wp-block-column is-layout-flow wp-block-column-is-layout-flow\" style=\"flex-basis:10%\">\n<figure class=\"wp-block-image size-full\"><a href=\"https:\/\/www.artsably.com\/fr\/episode-37-artsably-en-conversation-avec-kemal-gorey\/\"><img loading=\"lazy\" decoding=\"async\" width=\"50\" height=\"50\" src=\"https:\/\/www.artsably.com\/wp-content\/uploads\/2024\/03\/podcast_mic_icon50.png\" alt=\"Ic\u00f4ne repr\u00e9sentant un microphone\" class=\"wp-image-922\" srcset=\"https:\/\/www.artsably.com\/wp-content\/uploads\/2024\/03\/podcast_mic_icon50.png 50w, https:\/\/www.artsably.com\/wp-content\/uploads\/2024\/03\/podcast_mic_icon50-12x12.png 12w\" sizes=\"auto, (max-width: 50px) 100vw, 50px\" \/><\/a><\/figure>\n<\/div>\n\n\n\n<div class=\"wp-block-column is-vertically-aligned-center is-layout-flow wp-block-column-is-layout-flow\" style=\"flex-basis:90%\">\n<p><a href=\"https:\/\/www.artsably.com\/fr\/episode-37-artsably-en-conversation-avec-kemal-gorey\/\" data-type=\"link\" data-id=\"https:\/\/www.artsably.com\/episode-35-artsably-in-conversation-with-elizabeth-mclain\/\">\u00c9couter l'interview de Kemal Gorey<\/a><\/p>\n<\/div>\n<\/div>\n\n\n\n<p id=\"block-9df7bc08-36bd-439a-bdbc-acf5b66ebb25\">Ce billet pr\u00e9sente les ressources que Kemal Gorey a mentionn\u00e9es au cours de la conversation.<\/p>\n\n\n\n<div style=\"height:20px\" aria-hidden=\"true\" class=\"wp-block-spacer\"><\/div>\n\n\n\n<h2 class=\"wp-block-heading has-large-font-size\">Kemal Gorey<\/h2>\n\n\n\n<p>Kemal Gorey est un compositeur professionnel qui travaille principalement pour l'industrie des m\u00e9dias. Il r\u00e9alise des arrangements et des orchestrations pour des auteurs-compositeurs et des producteurs. Il r\u00e9alise \u00e9galement des maquettes d'orchestre pour d'autres compositeurs. Sa passion est de raconter des histoires en musique. Composer et concevoir des pistes qui servent parfaitement les films est son humble obsession. Depuis son enfance, la musique a \u00e9t\u00e9 son guide de confiance pour int\u00e9rioriser pleinement les films, les s\u00e9ries t\u00e9l\u00e9vis\u00e9es et les jeux vid\u00e9o. La musique est toujours venue \u00e0 son secours lorsqu'il \u00e9tait difficile de saisir le moindre geste d'un personnage en raison de sa d\u00e9ficience visuelle. Il a toujours cru au r\u00f4le unique de la musique dans un film et \u00e0 l'importance qu'elle rev\u00eat pour rehausser l'histoire pour le public. Il est fier d'\u00eatre membre de l'Able Artist Foundation (AAF), bas\u00e9e aux \u00c9tats-Unis. L'AAF s'efforce de soutenir les compositeurs handicap\u00e9s du monde entier et de les d\u00e9fendre dans les industries de la musique et du divertissement. Il est \u00e9galement secr\u00e9taire de RAMPD (Recording Artists and Music Professionals with Disabilities).<\/p>\n\n\n\n<p><a href=\"https:\/\/www.kemalgorey.com\/\" target=\"_blank\" rel=\"noreferrer noopener\">Visitez le site web de Kemal Gorey<\/a><\/p>\n\n\n\n<div style=\"height:20px\" aria-hidden=\"true\" class=\"wp-block-spacer\"><\/div>\n\n\n\n<h2 class=\"wp-block-heading has-large-font-size\">RAMPD<\/h2>\n\n\n\n<p>RAMPD (Recording Artists and Music Professionals with Disabilities) est une plateforme professionnelle qui dote l'industrie de la musique et du spectacle vivant d'outils, de programmes et de strat\u00e9gies favorisant l'int\u00e9gration des personnes handicap\u00e9es. RAMPD connecte \u00e9galement l'industrie \u00e0 un r\u00e9pertoire mondial de cr\u00e9ateurs de musique\/son et de professionnels de l'industrie ayant un handicap, une neurodivergence et d'autres conditions chroniques ou de sant\u00e9 mentale, afin de trouver des sources et d'embaucher - apportant des opportunit\u00e9s comp\u00e9titives, une visibilit\u00e9 et une communaut\u00e9 \u00e0 nos membres professionnels tout en offrant l'inclusion du handicap aux partenaires de l'industrie\/des lieux de spectacle. La mission du RAMPD est d'amplifier la culture du handicap, de promouvoir l'inclusion \u00e9quitable et de plaider pour des espaces inclusifs et accessibles dans les industries de la musique et du spectacle vivant. Fond\u00e9 en mai 2021 (et \u00e9tabli en janvier 2022) par l'artiste prim\u00e9 et activiste culturel Lachi, le RAMPD a vu le jour apr\u00e8s qu'une discussion publique entre la Recording Academy et plusieurs artistes handicap\u00e9s ait r\u00e9v\u00e9l\u00e9 le grave manque de visibilit\u00e9, d'acc\u00e8s et de repr\u00e9sentation pour les professionnels de la musique en situation de handicap.<\/p>\n\n\n\n<p><a href=\"https:\/\/rampd.org\/\" data-type=\"link\" data-id=\"https:\/\/www.musicdisabilitystudies.org\/about.html\" target=\"_blank\" rel=\"noreferrer noopener\">Visitez le site web du RAMPD<\/a><\/p>\n\n\n\n<p><a href=\"https:\/\/rampd.org\/profile\/kemal-gorey\" target=\"_blank\" rel=\"noreferrer noopener\">Visiter le profil RAMPD de Kemal Gorey<\/a><\/p>\n\n\n\n<div style=\"height:20px\" aria-hidden=\"true\" class=\"wp-block-spacer\"><\/div>\n\n\n\n<h2 class=\"wp-block-heading has-large-font-size\">Fondation Able Artist (AAF)<\/h2>\n\n\n\n<p>L'Able Artist Foundation, ou AAF, a \u00e9t\u00e9 cr\u00e9\u00e9e par Stephen Letnes, compositeur de films et artiste enregistr\u00e9 sur SESAC. AAF s'adresse aux personnes handicap\u00e9es cr\u00e9atives qui disposent d'un revenu fixe. Notre mission est double : offrir un d\u00e9veloppement musical, une \u00e9ducation et un mentorat \u00e0 un nombre choisi de personnes talentueuses par le biais de notre s\u00e9rie de cours de formation au d\u00e9veloppement artistique deux fois par an. Et, pour nos membres et autres, donner acc\u00e8s \u00e0 l'achat de produits logiciels et de services \u00e0 des \u00e9conomies substantielles (50%-off 'scholarships') qui sont fournies par nos g\u00e9n\u00e9reux partenaires.<\/p>\n\n\n\n<p><a href=\"https:\/\/www.ableartist.org\/\" target=\"_blank\" rel=\"noreferrer noopener\">Visitez le site web de la Fondation Able Artist<\/a><\/p>\n\n\n\n<div style=\"height:20px\" aria-hidden=\"true\" class=\"wp-block-spacer\"><\/div>\n\n\n\n<h2 class=\"wp-block-heading has-large-font-size\">Stephen Letnes<\/h2>\n\n\n\n<p>Stephen Letnes est un compositeur am\u00e9ricain aveugle, directeur ex\u00e9cutif de la Able Artist Foundation (MN), cofondateur de 1IN4 Coalition (Hollywood) et cofondateur de RAMPD (NYC). Stephen a compos\u00e9 la musique de plus de 150 courts m\u00e9trages, documentaires et longs m\u00e9trages, dont les documentaires \"Beneath the Ink\" et \"Say His Name : Five Days for George Floyd\", des longs m\u00e9trages pour Sony Pictures, des soci\u00e9t\u00e9s historiques europ\u00e9ennes et des organisations \u00e0 but non lucratif qui soutiennent les personnes handicap\u00e9es. Ses films ont \u00e9t\u00e9 nomin\u00e9s et ont remport\u00e9 de nombreux prix, notamment le \"Bill Murray Comedic Award\" et le \"Best of Fest\" au Z-Fest, pour le film \"Lady Lillian\", et sa musique pour \"Santa's Boot Camp\" a \u00e9t\u00e9 nomin\u00e9e pour le \"Best Score\" au Love Int'l Film Festival de Los Angeles. Stephen (et ses films) ont fait l'objet d'articles dans Variety Magazine, The Hollywood Reporter et Ability Magazine.<\/p>\n\n\n\n<p><a href=\"https:\/\/stephenletnes.com\/\" target=\"_blank\" rel=\"noreferrer noopener\">Visitez le site web de Stephen Letnes<\/a><\/p>\n\n\n\n<div style=\"height:20px\" aria-hidden=\"true\" class=\"wp-block-spacer\"><\/div>\n\n\n\n<h2 class=\"wp-block-heading has-large-font-size\">Camp Crip<\/h2>\n\n\n\n<p>Au d\u00e9but des ann\u00e9es 1970, les adolescents handicap\u00e9s \u00e9taient confront\u00e9s \u00e0 un avenir marqu\u00e9 par l'isolement, la discrimination et le placement en institution. Camp Jened, un camp d\u00e9labr\u00e9 \"pour handicap\u00e9s\" (un terme qui n'est plus utilis\u00e9) dans les Catskills, a fait exploser ces limites. Jened \u00e9tait leur utopie libre, un endroit o\u00f9 les sports d'\u00e9t\u00e9, la cigarette et les s\u00e9ances de pelotage attendaient tout le monde, et les campeurs ont fait l'exp\u00e9rience de la lib\u00e9ration et de l'inclusion totale en tant qu'\u00eatres humains. Leurs liens ont perdur\u00e9 lorsque beaucoup ont migr\u00e9 vers l'Ouest, \u00e0 Berkeley, en Californie - un foyer d'activisme o\u00f9 les amis du camp Jened ont compris que la perturbation, la d\u00e9sob\u00e9issance civile et la participation politique pouvaient changer l'avenir de millions de personnes. <em>Camp Crip<\/em> est l'histoire d'un groupe de personnes et saisit un moment dans le temps. Il existe des centaines, voire des milliers, d'autres histoires tout aussi importantes du mouvement des droits des personnes handicap\u00e9es qui n'ont pas encore re\u00e7u l'attention qu'elles m\u00e9ritent. Nous nous engageons \u00e0 utiliser la plateforme du film pour amplifier d'autres r\u00e9cits dans les communaut\u00e9s des droits des personnes handicap\u00e9es et de la justice pour les personnes handicap\u00e9es - en mettant particuli\u00e8rement l'accent sur les histoires concernant les personnes de couleur et d'autres communaut\u00e9s marginalis\u00e9es de mani\u00e8re intersectionnelle. Notre credo est le suivant : rien sur nous, sans nous. Pendant trop longtemps, trop de personnes ont \u00e9t\u00e9 exclues, et il est temps d'\u00e9largir le nombre de voix et de partager le micro.<\/p>\n\n\n\n<p><a href=\"https:\/\/cripcamp.com\/\" target=\"_blank\" rel=\"noreferrer noopener\">Visitez le site web de Crip Camp<\/a><\/p>\n\n\n\n<div style=\"height:20px\" aria-hidden=\"true\" class=\"wp-block-spacer\"><\/div>\n\n\n\n<h2 class=\"wp-block-heading has-large-font-size\">Lachi<\/h2>\n\n\n\n<p>Lachi est une auteure-compositrice-interpr\u00e8te, une artiste de tourn\u00e9e, une productrice, une actrice, une auteure, une d\u00e9fenseuse des personnes handicap\u00e9es et une activiste culturelle bas\u00e9e \u00e0 New York. La musique de Lachi est souvent d\u00e9crite comme de la musique pop ou de la musique de danse. Elle est l\u00e9galement aveugle en raison d'un colobome. Tout au long des ann\u00e9es 2021 et 2022, Lachi s'est impos\u00e9e comme l'une des principales d\u00e9fenseuses des personnes handicap\u00e9es dans l'industrie musicale, s'exprimant et se produisant dans des lieux tels que la Maison Blanche, les Nations Unies, le Kennedy Center, le Lincoln Center et la BBC, parmi d'autres apparitions notables. Lachi est le fondateur du RAMPD. \u00c0 partir de 2022, le RAMPD a commenc\u00e9 \u00e0 travailler en partenariat avec la Recording Academy pour rendre les Grammy Awards plus accessibles : il a travaill\u00e9 \u00e0 l'ajout d'une estrade \u00e0 rampe visible, d'interpr\u00e8tes en langue des signes, de sous-titrage en direct, de description audio, de langue des signes am\u00e9ricaine et de rampes d'acc\u00e8s sur le tapis rouge. En f\u00e9vrier 2024, Lachi a \u00e9t\u00e9 nomm\u00e9e \"Femme de l'ann\u00e9e 2024\" par USA Today.<\/p>\n\n\n\n<p><a href=\"https:\/\/www.lachimusic.com\/index.html\" target=\"_blank\" rel=\"noreferrer noopener\">Visitez le site web de Lachi<\/a><\/p>\n\n\n\n<div style=\"height:20px\" aria-hidden=\"true\" class=\"wp-block-spacer\"><\/div>\n\n\n\n<h2 class=\"wp-block-heading has-large-font-size\">Karina Sturm<\/h2>\n\n\n\n<p>Karina Sturm est une journaliste multim\u00e9dia et r\u00e9alisatrice allemande qui vit \u00e0 San Francisco depuis sept ans. Elle a acquis des connaissances scientifiques importantes en \u00e9tudiant la technologie de laboratoire et en travaillant dans la recherche pendant plusieurs ann\u00e9es. En raison d'une maladie chronique et d'un handicap invisible, elle s'est d\u00e9couvert une passion pour la production de m\u00e9dias et travaille en tant que journaliste ind\u00e9pendante depuis 2013. En 2019, elle a termin\u00e9 son master en produisant un long m\u00e9trage documentaire intitul\u00e9 \"We Are Visible\" pour mettre en lumi\u00e8re la mani\u00e8re d'am\u00e9liorer les reportages sur les personnes handicap\u00e9es dans les m\u00e9dias. \"We Are Visible\" a remport\u00e9 plusieurs prix cin\u00e9matographiques, tandis que Karina a obtenu son dipl\u00f4me avec distinction dans le cadre de son programme de journalisme. L'objectif principal de Karina est de repr\u00e9senter fid\u00e8lement les personnes malades et handicap\u00e9es dans les m\u00e9dias afin de r\u00e9duire les pr\u00e9jug\u00e9s et les st\u00e9r\u00e9otypes. Elle pense que les journalistes handicap\u00e9s devraient faire des reportages sur le handicap.<\/p>\n\n\n\n<p><a href=\"https:\/\/www.karina-sturm.com\/en\/about-me-my-work\/\" target=\"_blank\" rel=\"noreferrer noopener\">Visiter le site web de Karina Sturm<\/a><\/p>\n\n\n\n<div style=\"height:20px\" aria-hidden=\"true\" class=\"wp-block-spacer\"><\/div>\n<\/div>","protected":false},"excerpt":{"rendered":"<p>As part of the podcast series, \u201cArtsAbly in Conversation,\u201d Diane Kolin interviewed Kemal Gorey, a media composer and accessibility advocate living in Istanbul in Turkey. Listen to Kemal Gorey&#8217;s interview [&hellip;]<\/p>\n","protected":false},"author":1,"featured_media":2079,"comment_status":"closed","ping_status":"open","sticky":false,"template":"","format":"standard","meta":{"_EventAllDay":false,"_EventTimezone":"","_EventStartDate":"","_EventEndDate":"","_EventStartDateUTC":"","_EventEndDateUTC":"","_EventShowMap":false,"_EventShowMapLink":false,"_EventURL":"","_EventCost":"","_EventCostDescription":"","_EventCurrencySymbol":"","_EventCurrencyCode":"","_EventCurrencyPosition":"","_EventDateTimeSeparator":"","_EventTimeRangeSeparator":"","_EventOrganizerID":[],"_EventVenueID":[],"_OrganizerEmail":"","_OrganizerPhone":"","_OrganizerWebsite":"","_VenueAddress":"","_VenueCity":"","_VenueCountry":"","_VenueProvince":"","_VenueState":"","_VenueZip":"","_VenuePhone":"","_VenueURL":"","_VenueStateProvince":"","_VenueLat":"","_VenueLng":"","_VenueShowMap":false,"_VenueShowMapLink":false,"footnotes":""},"categories":[31,40],"tags":[],"class_list":["post-2080","post","type-post","status-publish","format-standard","has-post-thumbnail","hentry","category-blog","category-interviews"],"_links":{"self":[{"href":"https:\/\/www.artsably.com\/fr\/wp-json\/wp\/v2\/posts\/2080","targetHints":{"allow":["GET"]}}],"collection":[{"href":"https:\/\/www.artsably.com\/fr\/wp-json\/wp\/v2\/posts"}],"about":[{"href":"https:\/\/www.artsably.com\/fr\/wp-json\/wp\/v2\/types\/post"}],"author":[{"embeddable":true,"href":"https:\/\/www.artsably.com\/fr\/wp-json\/wp\/v2\/users\/1"}],"replies":[{"embeddable":true,"href":"https:\/\/www.artsably.com\/fr\/wp-json\/wp\/v2\/comments?post=2080"}],"version-history":[{"count":3,"href":"https:\/\/www.artsably.com\/fr\/wp-json\/wp\/v2\/posts\/2080\/revisions"}],"predecessor-version":[{"id":2103,"href":"https:\/\/www.artsably.com\/fr\/wp-json\/wp\/v2\/posts\/2080\/revisions\/2103"}],"wp:featuredmedia":[{"embeddable":true,"href":"https:\/\/www.artsably.com\/fr\/wp-json\/wp\/v2\/media\/2079"}],"wp:attachment":[{"href":"https:\/\/www.artsably.com\/fr\/wp-json\/wp\/v2\/media?parent=2080"}],"wp:term":[{"taxonomy":"category","embeddable":true,"href":"https:\/\/www.artsably.com\/fr\/wp-json\/wp\/v2\/categories?post=2080"},{"taxonomy":"post_tag","embeddable":true,"href":"https:\/\/www.artsably.com\/fr\/wp-json\/wp\/v2\/tags?post=2080"}],"curies":[{"name":"wp","href":"https:\/\/api.w.org\/{rel}","templated":true}]}}