{"id":2186,"date":"2025-02-07T05:06:46","date_gmt":"2025-02-07T10:06:46","guid":{"rendered":"https:\/\/www.artsably.com\/?p=2186"},"modified":"2025-12-14T11:46:47","modified_gmt":"2025-12-14T16:46:47","slug":"ressources-pour-lentretien-fournies-par-precious-perez","status":"publish","type":"post","link":"https:\/\/www.artsably.com\/fr\/interview-resources-provided-by-precious-perez\/","title":{"rendered":"Interview - Ressources fournies par Precious Perez"},"content":{"rendered":"<div class=\"wp-block-group has-global-padding is-layout-constrained wp-block-group-is-layout-constrained\">\n<p>Dans le cadre de la s\u00e9rie de podcasts \"ArtsAbly in Conversation\", Diane Kolin a interview\u00e9 Precious Perez, une artiste latine aveugle bas\u00e9e dans le Kentucky. Elle est \u00e9galement l'actuelle pr\u00e9sidente de RAMPD, Recording Artists and Music Professionals with Disabilities (artistes et professionnels de la musique handicap\u00e9s).<\/p>\n\n\n\n<figure class=\"wp-block-image aligncenter size-large\"><img loading=\"lazy\" decoding=\"async\" width=\"1024\" height=\"708\" src=\"https:\/\/www.artsably.com\/wp-content\/uploads\/2025\/02\/Precious-Perez-Portrait-1024x708.jpg\" alt=\"Une femme latina portant une robe blanche avec des motifs de fleurs roses, une main sur la hanche et l&#039;autre tenant une canne rose.\" class=\"wp-image-2188\" srcset=\"https:\/\/www.artsably.com\/wp-content\/uploads\/2025\/02\/Precious-Perez-Portrait-1024x708.jpg 1024w, https:\/\/www.artsably.com\/wp-content\/uploads\/2025\/02\/Precious-Perez-Portrait-300x207.jpg 300w, https:\/\/www.artsably.com\/wp-content\/uploads\/2025\/02\/Precious-Perez-Portrait-768x531.jpg 768w, https:\/\/www.artsably.com\/wp-content\/uploads\/2025\/02\/Precious-Perez-Portrait-1536x1062.jpg 1536w, https:\/\/www.artsably.com\/wp-content\/uploads\/2025\/02\/Precious-Perez-Portrait-2048x1416.jpg 2048w, https:\/\/www.artsably.com\/wp-content\/uploads\/2025\/02\/Precious-Perez-Portrait-18x12.jpg 18w, https:\/\/www.artsably.com\/wp-content\/uploads\/2025\/02\/Precious-Perez-Portrait-1320x913.jpg 1320w\" sizes=\"auto, (max-width: 1024px) 100vw, 1024px\" \/><figcaption class=\"wp-element-caption\">\u00c9dit\u00e9 par Brian Snyder. Cr\u00e9dit\u00e9 \u00e0 Lachi Music LLC.<\/figcaption><\/figure>\n\n\n\n<div class=\"wp-block-columns is-layout-flex wp-container-core-columns-is-layout-28f84493 wp-block-columns-is-layout-flex\">\n<div class=\"wp-block-column is-layout-flow wp-block-column-is-layout-flow\" style=\"flex-basis:10%\">\n<figure class=\"wp-block-image size-full\"><a href=\"https:\/\/www.artsably.com\/fr\/episode-41-artsably-en-conversation-avec-precious-perez\/\"><img loading=\"lazy\" decoding=\"async\" width=\"50\" height=\"50\" src=\"https:\/\/www.artsably.com\/wp-content\/uploads\/2024\/03\/podcast_mic_icon50.png\" alt=\"Ic\u00f4ne repr\u00e9sentant un microphone\" class=\"wp-image-922\" srcset=\"https:\/\/www.artsably.com\/wp-content\/uploads\/2024\/03\/podcast_mic_icon50.png 50w, https:\/\/www.artsably.com\/wp-content\/uploads\/2024\/03\/podcast_mic_icon50-12x12.png 12w\" sizes=\"auto, (max-width: 50px) 100vw, 50px\" \/><\/a><\/figure>\n<\/div>\n\n\n\n<div class=\"wp-block-column is-vertically-aligned-center is-layout-flow wp-block-column-is-layout-flow\" style=\"flex-basis:90%\">\n<p><a href=\"https:\/\/www.artsably.com\/fr\/episode-41-artsably-en-conversation-avec-precious-perez\/\" data-type=\"link\" data-id=\"https:\/\/www.artsably.com\/episode-41-artsably-in-conversation-with-precious-perez\/\">\u00c9couter l'interview de Precious Perez<\/a><\/p>\n<\/div>\n<\/div>\n\n\n\n<p id=\"block-9df7bc08-36bd-439a-bdbc-acf5b66ebb25\">Ce billet pr\u00e9sente les ressources que Precious Perez a mentionn\u00e9es au cours de la conversation.<\/p>\n\n\n\n<div style=\"height:20px\" aria-hidden=\"true\" class=\"wp-block-spacer\"><\/div>\n\n\n\n<h2 class=\"wp-block-heading has-large-font-size\">Precious Perez<\/h2>\n\n\n\n<p>Precious Perez, \u00e9galement connue sous le nom de \"the blind reggaetonera\", est une nouvelle artiste aux racines am\u00e9ricaines et latines. N\u00e9e \u00e0 Boston dans une famille portoricaine et r\u00e9sidant actuellement dans le Kentucky, Precious entre dans une nouvelle \u00e8re musicale apr\u00e8s avoir obtenu un double dipl\u00f4me en \u00e9ducation musicale et en chant au Berklee College of Music. Depuis son plus jeune \u00e2ge, son parcours musical s'est accompagn\u00e9 de grandes influences dans le domaine de la musique latine, ce qui a donn\u00e9 naissance \u00e0 son objectif : \"\u00catre la premi\u00e8re reggaetonera aveugle de l'industrie de la musique latine, en brisant le moule\". Son histoire et sa musique l'ont amen\u00e9e \u00e0 \u00eatre pr\u00e9sent\u00e9e dans des espaces tels que grammy.com et Telemundo. Precious travaille activement \u00e0 la cr\u00e9ation d'un espace pour les professionnels de la musique handicap\u00e9s, en tant que pr\u00e9sidente de Recording Artists and Music Professionals with Disabilities (RAMPD).<\/p>\n\n\n\n<p><a href=\"https:\/\/preciousperezmusica.com\/\" target=\"_blank\" rel=\"noreferrer noopener\">Visitez le site web de Precious Perez<\/a><\/p>\n\n\n\n<div style=\"height:20px\" aria-hidden=\"true\" class=\"wp-block-spacer\"><\/div>\n\n\n\n<h2 class=\"wp-block-heading has-large-font-size\">Agua de Valencia (Official Music Video)<\/h2>\n\n\n\n<p>Regardez la vid\u00e9o compl\u00e8te d'Agua de Valencia, en ouvrant l'interview.<\/p>\n\n\n<figure class=\"wp-block-embed wp-block-embed-youtube is-type-video is-provider-youtube epyt-figure\"><div class=\"wp-block-embed__wrapper\"><div class=\"epyt-video-wrapper\"><iframe loading=\"lazy\"  id=\"_ytid_36596\"  width=\"800\" height=\"450\"  data-origwidth=\"800\" data-origheight=\"450\"  data-relstop=\"1\" src=\"https:\/\/www.youtube.com\/embed\/YWO2LJiKiGw?enablejsapi=1&#038;autoplay=0&#038;cc_load_policy=0&#038;cc_lang_pref=&#038;iv_load_policy=1&#038;loop=0&#038;rel=0&#038;fs=1&#038;playsinline=0&#038;autohide=2&#038;theme=dark&#038;color=red&#038;controls=1&#038;disablekb=0&#038;\" class=\"__youtube_prefs__  no-lazyload\" title=\"Agua de Valencia (Official Music Video)\"  allow=\"fullscreen; accelerometer; autoplay; clipboard-write; encrypted-media; gyroscope; picture-in-picture; web-share\" referrerpolicy=\"strict-origin-when-cross-origin\" allowfullscreen data-no-lazy=\"1\" data-skipgform_ajax_framebjll=\"\"><\/iframe><\/div><\/div><\/figure>\n\n\n<p>Si vous ne pouvez pas lire la vid\u00e9o, le lien ci-dessous l'ouvrira sur YouTube.<\/p>\n\n\n\n<p><a href=\"https:\/\/youtu.be\/YWO2LJiKiGw?si=lcYnstFc8SqngBBo\" target=\"_blank\" rel=\"noreferrer noopener\">Regarder Agua de Valencia sur YouTube<\/a><\/p>\n\n\n\n<div style=\"height:20px\" aria-hidden=\"true\" class=\"wp-block-spacer\"><\/div>\n\n\n\n<h2 class=\"wp-block-heading has-large-font-size\">Sin Preguntar (Video Oficial)<\/h2>\n\n\n\n<p>Regardez le dernier album de Precious Perez, Sin Preguntar.<\/p>\n\n\n<figure class=\"wp-block-embed wp-block-embed-youtube is-type-video is-provider-youtube epyt-figure\"><div class=\"wp-block-embed__wrapper\"><div class=\"epyt-video-wrapper\"><iframe loading=\"lazy\"  id=\"_ytid_13670\"  width=\"800\" height=\"450\"  data-origwidth=\"800\" data-origheight=\"450\"  data-relstop=\"1\" src=\"https:\/\/www.youtube.com\/embed\/wuq54C2O2wk?enablejsapi=1&#038;autoplay=0&#038;cc_load_policy=0&#038;cc_lang_pref=&#038;iv_load_policy=1&#038;loop=0&#038;rel=0&#038;fs=1&#038;playsinline=0&#038;autohide=2&#038;theme=dark&#038;color=red&#038;controls=1&#038;disablekb=0&#038;\" class=\"__youtube_prefs__  no-lazyload\" title=\"Precious Perez - Sin Preguntar (Video Oficial)\"  allow=\"fullscreen; accelerometer; autoplay; clipboard-write; encrypted-media; gyroscope; picture-in-picture; web-share\" referrerpolicy=\"strict-origin-when-cross-origin\" allowfullscreen data-no-lazy=\"1\" data-skipgform_ajax_framebjll=\"\"><\/iframe><\/div><\/div><\/figure>\n\n\n<p>Si vous ne pouvez pas lire la vid\u00e9o, le lien ci-dessous l'ouvrira sur YouTube.<\/p>\n\n\n\n<p><a href=\"https:\/\/youtu.be\/wuq54C2O2wk?si=q9GeQe1wViRci9Xm\" target=\"_blank\" rel=\"noreferrer noopener\">Regarder Sin Preguntar sur YouTube<\/a><\/p>\n\n\n\n<div style=\"height:20px\" aria-hidden=\"true\" class=\"wp-block-spacer\"><\/div>\n\n\n\n<h2 class=\"wp-block-heading has-large-font-size\">RAMPD<\/h2>\n\n\n\n<p>Precious Perez est l'actuelle pr\u00e9sidente du RAMPD.<\/p>\n\n\n\n<p>RAMPD (Recording Artists and Music Professionals with Disabilities) est une plateforme professionnelle qui dote l'industrie de la musique et du spectacle vivant d'outils, de programmes et de strat\u00e9gies favorisant l'int\u00e9gration des personnes handicap\u00e9es. RAMPD connecte \u00e9galement l'industrie \u00e0 un r\u00e9pertoire mondial de cr\u00e9ateurs de musique\/son et de professionnels de l'industrie ayant un handicap, une neurodivergence et d'autres conditions chroniques ou de sant\u00e9 mentale, afin de trouver des sources et d'embaucher - apportant des opportunit\u00e9s comp\u00e9titives, une visibilit\u00e9 et une communaut\u00e9 \u00e0 nos membres professionnels tout en offrant l'inclusion du handicap aux partenaires de l'industrie\/des lieux de spectacle. La mission du RAMPD est d'amplifier la culture du handicap, de promouvoir l'inclusion \u00e9quitable et de plaider pour des espaces inclusifs et accessibles dans les industries de la musique et du spectacle vivant. Fond\u00e9 en mai 2021 (et \u00e9tabli en janvier 2022) par l'artiste prim\u00e9 et activiste culturel Lachi, le RAMPD a vu le jour apr\u00e8s qu'une discussion publique entre la Recording Academy et plusieurs artistes handicap\u00e9s ait r\u00e9v\u00e9l\u00e9 le grave manque de visibilit\u00e9, d'acc\u00e8s et de repr\u00e9sentation pour les professionnels de la musique en situation de handicap.<\/p>\n\n\n\n<p><a href=\"https:\/\/rampd.org\/\" target=\"_blank\" rel=\"noreferrer noopener\">Visitez le site web du RAMPD<\/a><\/p>\n\n\n\n<p><a href=\"https:\/\/rampd.org\/profile\/precious-perez\" target=\"_blank\" rel=\"noreferrer noopener\">Visiter le profil RAMPD de Precious Perez<\/a><\/p>\n\n\n\n<div style=\"height:20px\" aria-hidden=\"true\" class=\"wp-block-spacer\"><\/div>\n\n\n\n<h2 class=\"wp-block-heading has-large-font-size\">Vue invisible<\/h2>\n\n\n\n<p>Sight Unseen est un groupe de pop rock festif originaire de Louisville, KY, avec Precious Perez au chant. Le groupe se sp\u00e9cialise dans les chansons pop, rock et dance \u00e0 haute \u00e9nergie, avec un r\u00e9pertoire qui se concentre principalement sur le mat\u00e9riel r\u00e9cent des vingt derni\u00e8res ann\u00e9es, ainsi que sur quelques retours de dancehall et les favoris du public des ann\u00e9es 70, 80 et 90. Le groupe comprend Precious Perez au chant, Mark Copeland \u00e0 la batterie et au chant, Karen Miller \u00e0 la guitare basse, Scott Pollard aux claviers et David Ramirez \u00e0 la guitare.<\/p>\n\n\n\n<p><a href=\"https:\/\/sightunseenbandlouisville.com\/\" data-type=\"link\" data-id=\"https:\/\/sightunseenbandlouisville.com\/\" target=\"_blank\" rel=\"noreferrer noopener\">Visitez le site web de Sight Unseen<\/a><\/p>\n\n\n\n<div style=\"height:20px\" aria-hidden=\"true\" class=\"wp-block-spacer\"><\/div>\n<\/div>","protected":false},"excerpt":{"rendered":"<p>As part of the podcast series, \u201cArtsAbly in Conversation,\u201d Diane Kolin interviewed Precious Perez, a blind Latin artist based in Kentucky. She is also the current President of RAMPD, Recording [&hellip;]<\/p>\n","protected":false},"author":1,"featured_media":2188,"comment_status":"closed","ping_status":"open","sticky":false,"template":"","format":"standard","meta":{"_EventAllDay":false,"_EventTimezone":"","_EventStartDate":"","_EventEndDate":"","_EventStartDateUTC":"","_EventEndDateUTC":"","_EventShowMap":false,"_EventShowMapLink":false,"_EventURL":"","_EventCost":"","_EventCostDescription":"","_EventCurrencySymbol":"","_EventCurrencyCode":"","_EventCurrencyPosition":"","_EventDateTimeSeparator":"","_EventTimeRangeSeparator":"","_EventOrganizerID":[],"_EventVenueID":[],"_OrganizerEmail":"","_OrganizerPhone":"","_OrganizerWebsite":"","_VenueAddress":"","_VenueCity":"","_VenueCountry":"","_VenueProvince":"","_VenueState":"","_VenueZip":"","_VenuePhone":"","_VenueURL":"","_VenueStateProvince":"","_VenueLat":"","_VenueLng":"","_VenueShowMap":false,"_VenueShowMapLink":false,"footnotes":""},"categories":[31,40],"tags":[],"class_list":["post-2186","post","type-post","status-publish","format-standard","has-post-thumbnail","hentry","category-blog","category-interviews"],"_links":{"self":[{"href":"https:\/\/www.artsably.com\/fr\/wp-json\/wp\/v2\/posts\/2186","targetHints":{"allow":["GET"]}}],"collection":[{"href":"https:\/\/www.artsably.com\/fr\/wp-json\/wp\/v2\/posts"}],"about":[{"href":"https:\/\/www.artsably.com\/fr\/wp-json\/wp\/v2\/types\/post"}],"author":[{"embeddable":true,"href":"https:\/\/www.artsably.com\/fr\/wp-json\/wp\/v2\/users\/1"}],"replies":[{"embeddable":true,"href":"https:\/\/www.artsably.com\/fr\/wp-json\/wp\/v2\/comments?post=2186"}],"version-history":[{"count":3,"href":"https:\/\/www.artsably.com\/fr\/wp-json\/wp\/v2\/posts\/2186\/revisions"}],"predecessor-version":[{"id":2241,"href":"https:\/\/www.artsably.com\/fr\/wp-json\/wp\/v2\/posts\/2186\/revisions\/2241"}],"wp:featuredmedia":[{"embeddable":true,"href":"https:\/\/www.artsably.com\/fr\/wp-json\/wp\/v2\/media\/2188"}],"wp:attachment":[{"href":"https:\/\/www.artsably.com\/fr\/wp-json\/wp\/v2\/media?parent=2186"}],"wp:term":[{"taxonomy":"category","embeddable":true,"href":"https:\/\/www.artsably.com\/fr\/wp-json\/wp\/v2\/categories?post=2186"},{"taxonomy":"post_tag","embeddable":true,"href":"https:\/\/www.artsably.com\/fr\/wp-json\/wp\/v2\/tags?post=2186"}],"curies":[{"name":"wp","href":"https:\/\/api.w.org\/{rel}","templated":true}]}}