{"id":2523,"date":"2025-04-27T14:55:10","date_gmt":"2025-04-27T18:55:10","guid":{"rendered":"https:\/\/www.artsably.com\/?p=2523"},"modified":"2025-12-14T11:47:13","modified_gmt":"2025-12-14T16:47:13","slug":"accessfest-un-nouveau-festival-organise-par-accessnow-a-toronto","status":"publish","type":"post","link":"https:\/\/www.artsably.com\/fr\/accessfest-a-new-festival-organized-by-accessnow-in-toronto\/","title":{"rendered":"AccessFest, un nouveau festival organis\u00e9 par AccessNow \u00e0 Toronto, au Canada"},"content":{"rendered":"<div class=\"wp-block-group has-global-padding is-layout-constrained wp-block-group-is-layout-constrained\">\n<p>AccessNow, une organisation de premier plan sp\u00e9cialis\u00e9e dans l'information sur l'accessibilit\u00e9 et fond\u00e9e par Maayan Ziv, et la ville de Toronto lancent le festival d'\u00e9t\u00e9 AccessFest, qui se d\u00e9roulera au centre-ville de Toronto, au David Pecaut Square (215 King St W, Toronto, ON M5V 3G2), le 31 mai 2025, de 9 h \u00e0 19 h 30 (heure de l'Est).<\/p>\n\n\n\n<figure class=\"wp-block-image aligncenter size-full\"><img loading=\"lazy\" decoding=\"async\" width=\"980\" height=\"551\" src=\"https:\/\/www.artsably.com\/wp-content\/uploads\/2025\/04\/AccessFest-980x551-1.png\" alt=\"Les mots &quot;AccessFest by AccessNow&quot; sont \u00e9crits en blanc sur fond bleu ; un demi-cercle \u00e0 gauche comporte des parties rouges, orange et jaunes.\" class=\"wp-image-2524\" srcset=\"https:\/\/www.artsably.com\/wp-content\/uploads\/2025\/04\/AccessFest-980x551-1.png 980w, https:\/\/www.artsably.com\/wp-content\/uploads\/2025\/04\/AccessFest-980x551-1-300x169.png 300w, https:\/\/www.artsably.com\/wp-content\/uploads\/2025\/04\/AccessFest-980x551-1-768x432.png 768w, https:\/\/www.artsably.com\/wp-content\/uploads\/2025\/04\/AccessFest-980x551-1-18x10.png 18w\" sizes=\"auto, (max-width: 980px) 100vw, 980px\" \/><\/figure>\n\n\n\n<p>Lire le communiqu\u00e9 de presse ici : <a href=\"https:\/\/www.businesswire.com\/news\/home\/20250423774903\/en\/New-Festival-Champions-Accessibility-and-Inclusion-Amid-Rising-Anti-DEI-Agenda\" target=\"_blank\" rel=\"noreferrer noopener\">https:\/\/www.businesswire.com\/news\/home\/20250423774903\/en\/New-Festival-Champions-Accessibility-and-Inclusion-Amid-Rising-Anti-DEI-Agenda<\/a><\/p>\n\n\n\n<p>Lire l'article d'AccessNow sur l'AccessFest : <a href=\"https:\/\/accessnow.com\/blog\/new-festival-champions-accessibility-and-inclusion-amid-rising-anti-dei-agenda\/\" target=\"_blank\" rel=\"noreferrer noopener\">https:\/\/accessnow.com\/blog\/new-festival-champions-accessibility-and-inclusion-amid-rising-anti-dei-agenda\/<\/a><\/p>\n\n\n\n<p>Toutes les informations relatives au festival (horaires, intervenants, invit\u00e9s, guides d'acc\u00e8s, etc.) seront publi\u00e9es sur leur site web : <a href=\"https:\/\/accessnow.com\/fest\/\">https:\/\/accessn<\/a><a href=\"https:\/\/accessnow.com\/fest\/\" target=\"_blank\" rel=\"noreferrer noopener\">o<\/a><a href=\"https:\/\/accessnow.com\/fest\/\">w.com\/fest\/<\/a> <\/p>\n\n\n\n<p>Pour en savoir plus sur les activit\u00e9s d'AccessNow, cliquez ici : <a href=\"https:\/\/accessnow.com\/about\/\" target=\"_blank\" rel=\"noreferrer noopener\">https:\/\/accessnow.com\/about\/<\/a><\/p>\n\n\n\n<div style=\"height:20px\" aria-hidden=\"true\" class=\"wp-block-spacer\"><\/div>\n\n\n\n<p><\/p>\n<\/div>","protected":false},"excerpt":{"rendered":"<p>AccessNow, a leading organization specialized in accessibility information founded by Maayan Ziv, and the City of Toronto launch the AccessFest summer festival, taking place in downtown Toronto at David Pecaut [&hellip;]<\/p>\n","protected":false},"author":1,"featured_media":2524,"comment_status":"closed","ping_status":"open","sticky":false,"template":"","format":"standard","meta":{"_EventAllDay":false,"_EventTimezone":"","_EventStartDate":"","_EventEndDate":"","_EventStartDateUTC":"","_EventEndDateUTC":"","_EventShowMap":false,"_EventShowMapLink":false,"_EventURL":"","_EventCost":"","_EventCostDescription":"","_EventCurrencySymbol":"","_EventCurrencyCode":"","_EventCurrencyPosition":"","_EventDateTimeSeparator":"","_EventTimeRangeSeparator":"","_EventOrganizerID":[],"_EventVenueID":[],"_OrganizerEmail":"","_OrganizerPhone":"","_OrganizerWebsite":"","_VenueAddress":"","_VenueCity":"","_VenueCountry":"","_VenueProvince":"","_VenueState":"","_VenueZip":"","_VenuePhone":"","_VenueURL":"","_VenueStateProvince":"","_VenueLat":"","_VenueLng":"","_VenueShowMap":false,"_VenueShowMapLink":false,"footnotes":""},"categories":[31,41],"tags":[],"class_list":["post-2523","post","type-post","status-publish","format-standard","has-post-thumbnail","hentry","category-blog","category-news-reports"],"_links":{"self":[{"href":"https:\/\/www.artsably.com\/fr\/wp-json\/wp\/v2\/posts\/2523","targetHints":{"allow":["GET"]}}],"collection":[{"href":"https:\/\/www.artsably.com\/fr\/wp-json\/wp\/v2\/posts"}],"about":[{"href":"https:\/\/www.artsably.com\/fr\/wp-json\/wp\/v2\/types\/post"}],"author":[{"embeddable":true,"href":"https:\/\/www.artsably.com\/fr\/wp-json\/wp\/v2\/users\/1"}],"replies":[{"embeddable":true,"href":"https:\/\/www.artsably.com\/fr\/wp-json\/wp\/v2\/comments?post=2523"}],"version-history":[{"count":4,"href":"https:\/\/www.artsably.com\/fr\/wp-json\/wp\/v2\/posts\/2523\/revisions"}],"predecessor-version":[{"id":2530,"href":"https:\/\/www.artsably.com\/fr\/wp-json\/wp\/v2\/posts\/2523\/revisions\/2530"}],"wp:featuredmedia":[{"embeddable":true,"href":"https:\/\/www.artsably.com\/fr\/wp-json\/wp\/v2\/media\/2524"}],"wp:attachment":[{"href":"https:\/\/www.artsably.com\/fr\/wp-json\/wp\/v2\/media?parent=2523"}],"wp:term":[{"taxonomy":"category","embeddable":true,"href":"https:\/\/www.artsably.com\/fr\/wp-json\/wp\/v2\/categories?post=2523"},{"taxonomy":"post_tag","embeddable":true,"href":"https:\/\/www.artsably.com\/fr\/wp-json\/wp\/v2\/tags?post=2523"}],"curies":[{"name":"wp","href":"https:\/\/api.w.org\/{rel}","templated":true}]}}