{"id":2552,"date":"2025-05-07T08:19:05","date_gmt":"2025-05-07T12:19:05","guid":{"rendered":"https:\/\/www.artsably.com\/?p=2552"},"modified":"2025-12-14T11:47:25","modified_gmt":"2025-12-14T16:47:25","slug":"ressources-pour-les-entretiens-fournies-par-heather-feather","status":"publish","type":"post","link":"https:\/\/www.artsably.com\/fr\/interview-resources-provided-by-heather-feather\/","title":{"rendered":"Interview - Ressources fournies par Heather Feather"},"content":{"rendered":"<div class=\"wp-block-group has-global-padding is-layout-constrained wp-block-group-is-layout-constrained\">\n<p>Dans le cadre de la s\u00e9rie de podcasts \"ArtsAbly in Conversation\", Diane Kolin a interview\u00e9 Heather White Luckow alias Heather Feather, artiste et \u00e9ducatrice pour enfants, et musicologue bas\u00e9e \u00e0 Montr\u00e9al au Canada.<\/p>\n\n\n\n<figure class=\"wp-block-image aligncenter size-large\"><img loading=\"lazy\" decoding=\"async\" width=\"683\" height=\"1024\" src=\"https:\/\/www.artsably.com\/wp-content\/uploads\/2025\/05\/Heather-Feather-new-683x1024.jpg\" alt=\"Une femme blanche aux cheveux bruns courts portant une robe rouge et tenant une canne noire. Sa main gauche est lev\u00e9e, comme pour saluer.\" class=\"wp-image-2570\" srcset=\"https:\/\/www.artsably.com\/wp-content\/uploads\/2025\/05\/Heather-Feather-new-683x1024.jpg 683w, https:\/\/www.artsably.com\/wp-content\/uploads\/2025\/05\/Heather-Feather-new-200x300.jpg 200w, https:\/\/www.artsably.com\/wp-content\/uploads\/2025\/05\/Heather-Feather-new-768x1152.jpg 768w, https:\/\/www.artsably.com\/wp-content\/uploads\/2025\/05\/Heather-Feather-new-8x12.jpg 8w, https:\/\/www.artsably.com\/wp-content\/uploads\/2025\/05\/Heather-Feather-new.jpg 1000w\" sizes=\"auto, (max-width: 683px) 100vw, 683px\" \/><figcaption class=\"wp-element-caption\">Photo : Kristin Chalmers<\/figcaption><\/figure>\n\n\n\n<div class=\"wp-block-columns is-layout-flex wp-container-core-columns-is-layout-28f84493 wp-block-columns-is-layout-flex\">\n<div class=\"wp-block-column is-layout-flow wp-block-column-is-layout-flow\" style=\"flex-basis:10%\">\n<figure class=\"wp-block-image size-full\"><a href=\"https:\/\/www.artsably.com\/fr\/episode-46-artsably-en-conversation-avec-heather-feather\/\"><img loading=\"lazy\" decoding=\"async\" width=\"50\" height=\"50\" src=\"https:\/\/www.artsably.com\/wp-content\/uploads\/2024\/03\/podcast_mic_icon50.png\" alt=\"Ic\u00f4ne repr\u00e9sentant un microphone\" class=\"wp-image-922\" srcset=\"https:\/\/www.artsably.com\/wp-content\/uploads\/2024\/03\/podcast_mic_icon50.png 50w, https:\/\/www.artsably.com\/wp-content\/uploads\/2024\/03\/podcast_mic_icon50-12x12.png 12w\" sizes=\"auto, (max-width: 50px) 100vw, 50px\" \/><\/a><\/figure>\n<\/div>\n\n\n\n<div class=\"wp-block-column is-vertically-aligned-center is-layout-flow wp-block-column-is-layout-flow\" style=\"flex-basis:90%\">\n<p><a href=\"https:\/\/www.artsably.com\/fr\/episode-46-artsably-en-conversation-avec-heather-feather\/\" data-type=\"link\" data-id=\"https:\/\/www.artsably.com\/episode-43-artsably-in-conversation-with-mercedes-lysaker\/\">\u00c9couter l'interview de Heather Feather<\/a><\/p>\n<\/div>\n<\/div>\n\n\n\n<p id=\"block-9df7bc08-36bd-439a-bdbc-acf5b66ebb25\">Ce billet pr\u00e9sente les ressources mentionn\u00e9es par Heather Feather au cours de la conversation.<\/p>\n\n\n\n<div style=\"height:20px\" aria-hidden=\"true\" class=\"wp-block-spacer\"><\/div>\n\n\n\n<h2 class=\"wp-block-heading has-large-font-size\">Plume Heather<\/h2>\n\n\n\n<p>La musique entra\u00eenante de Heather Feather et sa personnalit\u00e9 ensoleill\u00e9e et \u00e9nergique feront chanter et danser toute la famille. Ses chansons ne sont pas seulement joyeuses et amusantes, elles encouragent \u00e9galement le d\u00e9veloppement physique, cognitif, social et \u00e9motionnel des enfants de tous \u00e2ges. Son album prim\u00e9 de 2022, Songs for Growing, est rempli de \"chansons d\u00e9licieuses et de m\u00e9lodies puissantes, le tout couronn\u00e9 par une production somptueuse. Les voix sont sublimes, tout comme les paroles qui illustrent superbement la musique\". (Dez Staunton, Electric Kids Music), tandis que Sonali Karnick, de la CBC, a not\u00e9 que sa chanson \"fait appel \u00e0 l'intelligence des enfants\". Songs for Growing a re\u00e7u deux subventions de d\u00e9veloppement artistique de FACTOR et a contribu\u00e9 \u00e0 lancer sa carri\u00e8re d'artiste de sc\u00e8ne \u00e0 temps plein et d'artiste enseignante tr\u00e8s recherch\u00e9e dans les \u00e9coles maternelles, les \u00e9coles et les groupes communautaires. Avec Songs for Growing, Heather a \u00e9t\u00e9 nomin\u00e9e aux East Coast Music Awards 2023 et 2025 pour le Children's Entertainer of the Year, 2023 Music NL Jazz Album of the Year, et elle a remport\u00e9 deux prix aux Funky Kids Radio Awards en Australie.<\/p>\n\n\n\n<p><a href=\"http:\/\/www.weejam.ca\/heather-feather\" data-type=\"link\" data-id=\"www.weejam.ca\/heather-feather\" target=\"_blank\" rel=\"noreferrer noopener\">Visitez le site web de Heather Feather<\/a><\/p>\n\n\n\n<div style=\"height:20px\" aria-hidden=\"true\" class=\"wp-block-spacer\"><\/div>\n\n\n\n<h2 class=\"wp-block-heading has-large-font-size\">Le nouvel album de Heather Feather \"Together\" (en anglais)<\/h2>\n\n\n\n<p>La musique de Heather Feather m\u00eale ses racines terre-neuviennes et sa ville d'adoption, Montr\u00e9al, et elle se produit en anglais et en fran\u00e7ais. Son deuxi\u00e8me album \"Together\" (juin 2025), r\u00e9alis\u00e9 en collaboration avec le producteur Dean Jones, laur\u00e9at d'un Grammy Award Kindie, propose un m\u00e9lange de funk, de pop, de R&amp;B et de jazz entra\u00eenants qui traitent de l'inclusion, de l'acceptation et de l'appartenance. Pour cet album, Heather a eu le plaisir de recevoir un financement complet du Conseil des Arts du Canada. Pour son nouvel album, Heather Feather donnera quelques concerts de lancement. Les deux prochains sont :<\/p>\n\n\n\n<ul class=\"wp-block-list\">\n<li>14 juin 2025 - Concert de lancement d'album - St. Columba-by-the-Lake, Pointe Claire : <a href=\"https:\/\/heather-feather-music-heather-white-luckow.square.site\/\" target=\"_blank\" rel=\"noreferrer noopener\">R\u00e9server des billets<\/a><\/li>\n\n\n\n<li>9 ao\u00fbt 2025 - Fundy Sea Shanty Festival - St. Martins, Nouveau-Brunswick : <a href=\"https:\/\/www.fundyseashantyfest.com\/performers\" target=\"_blank\" rel=\"noreferrer noopener\">visitez le site web du festival<\/a><\/li>\n<\/ul>\n\n\n\n<p><a href=\"https:\/\/heatherfeather.bandcamp.com\/\" target=\"_blank\" rel=\"noreferrer noopener\">Acheter la musique de Heather Feather sur Bandcamp<\/a><\/p>\n\n\n\n<div style=\"height:20px\" aria-hidden=\"true\" class=\"wp-block-spacer\"><\/div>\n\n\n\n<h2 class=\"wp-block-heading has-large-font-size\">Chanson <em>Remplissez votre seau<\/em><\/h2>\n\n\n\n<p>La vid\u00e9o qui ouvre l'interview est un extrait de <em>Remplissez votre seau<\/em>. Voir la vid\u00e9o compl\u00e8te :<\/p>\n\n\n<figure class=\"wp-block-embed wp-block-embed-youtube is-type-video is-provider-youtube epyt-figure\"><div class=\"wp-block-embed__wrapper\"><div class=\"epyt-video-wrapper\"><iframe loading=\"lazy\"  id=\"_ytid_90581\"  width=\"800\" height=\"450\"  data-origwidth=\"800\" data-origheight=\"450\"  data-relstop=\"1\" src=\"https:\/\/www.youtube.com\/embed\/8IfkOXSZ5_g?enablejsapi=1&#038;autoplay=0&#038;cc_load_policy=0&#038;cc_lang_pref=&#038;iv_load_policy=1&#038;loop=0&#038;rel=0&#038;fs=1&#038;playsinline=0&#038;autohide=2&#038;theme=dark&#038;color=red&#038;controls=1&#038;disablekb=0&#038;\" class=\"__youtube_prefs__  no-lazyload\" title=\"Remplissez votre seau : comment trouver et faire le bonheur pour vous-m\u00eame et pour les autres !\"  allow=\"fullscreen; accelerometer; autoplay; clipboard-write; encrypted-media; gyroscope; picture-in-picture; web-share\" referrerpolicy=\"strict-origin-when-cross-origin\" allowfullscreen data-no-lazy=\"1\" data-skipgform_ajax_framebjll=\"\"><\/iframe><\/div><\/div><\/figure>\n\n\n<p>Si la vid\u00e9o n'est pas lue, <a href=\"https:\/\/youtu.be\/8IfkOXSZ5_g?si=wsAmbl-34TxaWfaQ\" target=\"_blank\" rel=\"noreferrer noopener\">regarder sur YouTube<\/a>.<\/p>\n\n\n\n<div style=\"height:20px\" aria-hidden=\"true\" class=\"wp-block-spacer\"><\/div>\n\n\n\n<h2 class=\"wp-block-heading has-large-font-size\">RAMPD<\/h2>\n\n\n\n<p>RAMPD (Recording Artists and Music Professionals with Disabilities) est une plateforme professionnelle qui dote l'industrie de la musique et du spectacle vivant d'outils, de programmes et de strat\u00e9gies favorisant l'int\u00e9gration des personnes handicap\u00e9es. RAMPD connecte \u00e9galement l'industrie \u00e0 un r\u00e9pertoire mondial de cr\u00e9ateurs de musique\/son et de professionnels de l'industrie ayant un handicap, une neurodivergence et d'autres conditions chroniques ou de sant\u00e9 mentale, afin de trouver des sources et d'embaucher - apportant des opportunit\u00e9s comp\u00e9titives, une visibilit\u00e9 et une communaut\u00e9 \u00e0 nos membres professionnels tout en offrant l'inclusion du handicap aux partenaires de l'industrie\/des lieux de spectacle. La mission du RAMPD est d'amplifier la culture du handicap, de promouvoir l'inclusion \u00e9quitable et de plaider pour des espaces inclusifs et accessibles dans les industries de la musique et du spectacle vivant. Fond\u00e9 en mai 2021 (et \u00e9tabli en janvier 2022) par l'artiste prim\u00e9 et activiste culturel Lachi, le RAMPD a vu le jour apr\u00e8s qu'une discussion publique entre la Recording Academy et plusieurs artistes handicap\u00e9s ait r\u00e9v\u00e9l\u00e9 le grave manque de visibilit\u00e9, d'acc\u00e8s et de repr\u00e9sentation pour les professionnels de la musique en situation de handicap.<\/p>\n\n\n\n<p>En tant qu'artiste handicap\u00e9e (scl\u00e9rose en plaques), Heather fait des pr\u00e9sentations au nom du RAMPD. Elle a r\u00e9cemment pris la parole \u00e0 la Folk Alliance International 2025 dans le cadre du panel \"Navigating Disability Culture and Access in the Music Industry\" avec Charlie Mosbrook et Jai Yoko.&nbsp;<\/p>\n\n\n\n<p><a href=\"https:\/\/rampd.org\/\" target=\"_blank\" rel=\"noreferrer noopener\">Visitez le site web du RAMPD<\/a><\/p>\n\n\n\n<p><a href=\"https:\/\/rampd.org\/profile\/heather-feather\" target=\"_blank\" rel=\"noreferrer noopener\">Visiter le profil RAMPD de Heather Feather<\/a><\/p>\n\n\n\n<div style=\"height:20px\" aria-hidden=\"true\" class=\"wp-block-spacer\"><\/div>\n\n\n\n<h2 class=\"wp-block-heading has-large-font-size\">Andrew &amp; Polly<\/h2>\n\n\n\n<p>Andrew et Polly sont des artistes de musique familiale nomm\u00e9s aux GRAMMY et les animateurs du podcast <em>Collations pour les oreilles<\/em>. Le travail du duo est nomm\u00e9 aux GRAMMY et a re\u00e7u plusieurs Parents' Choice Awards, l'appui de Common Sense Media et le prix Joe Raposo Children's Music Award de la Fondation ASCAP. Ensemble, Andrew et Polly composent et produisent de la musique pour la t\u00e9l\u00e9vision et le cin\u00e9ma.<\/p>\n\n\n\n<p><a href=\"http:\/\/andrewandpolly.com\/\" target=\"_blank\" rel=\"noreferrer noopener\">Visitez le site web d'Andrew &amp; Polly<\/a><\/p>\n\n\n\n<div style=\"height:20px\" aria-hidden=\"true\" class=\"wp-block-spacer\"><\/div>\n\n\n\n<h2 class=\"wp-block-heading has-large-font-size\">Lachi<\/h2>\n\n\n\n<p>Lachi est une auteure-compositrice-interpr\u00e8te, une artiste de tourn\u00e9e, une productrice, une actrice, une auteure, une d\u00e9fenseuse des personnes handicap\u00e9es et une activiste culturelle bas\u00e9e \u00e0 New York. La musique de Lachi est souvent d\u00e9crite comme de la musique pop ou de la musique de danse. Elle est l\u00e9galement aveugle en raison d'un colobome. Tout au long des ann\u00e9es 2021 et 2022, Lachi s'est impos\u00e9e comme l'une des principales d\u00e9fenseuses des personnes handicap\u00e9es dans l'industrie musicale, s'exprimant et se produisant dans des lieux tels que la Maison Blanche, les Nations Unies, le Kennedy Center, le Lincoln Center et la BBC, parmi d'autres apparitions notables. Lachi est le fondateur du RAMPD. \u00c0 partir de 2022, le RAMPD a commenc\u00e9 \u00e0 travailler en partenariat avec la Recording Academy pour rendre les Grammy Awards plus accessibles : il a travaill\u00e9 \u00e0 l'ajout d'une estrade \u00e0 rampe visible, d'interpr\u00e8tes en langue des signes, de sous-titrage en direct, de description audio, de langue des signes am\u00e9ricaine et de rampes d'acc\u00e8s sur le tapis rouge. En f\u00e9vrier 2024, Lachi a \u00e9t\u00e9 nomm\u00e9e \"Femme de l'ann\u00e9e 2024\" par USA Today.<\/p>\n\n\n\n<p><a href=\"https:\/\/www.lachimusic.com\/index.html\" target=\"_blank\" rel=\"noreferrer noopener\">Visitez le site web de Lachi<\/a><\/p>\n\n\n\n<div style=\"height:20px\" aria-hidden=\"true\" class=\"wp-block-spacer\"><\/div>\n\n\n\n<h2 class=\"wp-block-heading has-large-font-size\">Eleanor Stubley<\/h2>\n\n\n\n<p>Eleanor Stubley \u00e9tait professeur associ\u00e9 et doyen associ\u00e9 des \u00e9tudiants dipl\u00f4m\u00e9s \u00e0 l'\u00c9cole de musique Schulich. Eleanor Stubley a obtenu son doctorat \u00e0 l'Universit\u00e9 de l'Illinois \u00e0 Urbana-Champaign et sa ma\u00eetrise en musique \u00e0 l'Universit\u00e9 de Brandon. En 1989, elle a rejoint McGill, o\u00f9 elle a enseign\u00e9 l'\u00e9ducation musicale, la musicologie et l'interpr\u00e9tation. Mme Stubley a dirig\u00e9 des ensembles dans le monde entier, notamment les Massey Singers, Elektra, Laapula, le Bach Festival Orchestra et des membres de la Canadian Opera Company. Parmi ses cr\u00e9ations artistiques figurent The Pines of Emily Carr, un documentaire sur la relation entre l'inspiration et le lieu, et Living Gestures, une s\u00e9rie de concerts multim\u00e9dias qui a \u00e9t\u00e9 pr\u00e9sent\u00e9e au Canada et en Finlande. En tant que fondatrice et directrice artistique de Chora Carmina, elle a contribu\u00e9 \u00e0 cr\u00e9er des collaborations novatrices entre des musiciens et des artistes visuels qu\u00e9b\u00e9cois.<\/p>\n\n\n\n<p><a href=\"https:\/\/www.mcgill.ca\/channels\/channels\/news\/memoriam-professor-eleanor-stubley-269496\" target=\"_blank\" rel=\"noreferrer noopener\">En savoir plus sur Eleanor Stubley<\/a><\/p>\n\n\n\n<div style=\"height:20px\" aria-hidden=\"true\" class=\"wp-block-spacer\"><\/div>\n\n\n\n<h2 class=\"wp-block-heading has-large-font-size\">Kjellrun Hestekin<\/h2>\n\n\n\n<p>Pendant son mandat \u00e0 l'universit\u00e9 Memorial de Terre-Neuve, Kjellrun a enseign\u00e9 tous les aspects de la th\u00e9orie et a dirig\u00e9 l'orchestre de concert de l'universit\u00e9 dans les premiers temps de l'\u00e9cole. Elle a \u00e9galement chant\u00e9 dans le MUN Festival Choir, ainsi que dans le MUN Chamber Choir. Elle a fait partie du comit\u00e9 ex\u00e9cutif de l'association des professeurs de MUN et a \u00e9t\u00e9 longtemps membre du comit\u00e9 des libert\u00e9s acad\u00e9miques et des griefs. Elle a \u00e9galement jou\u00e9 le r\u00f4le de \"marshall\" lors d'innombrables convocations et, \u00e0 l'occasion, celui d'\"orateur\". Combinant son amour du chant et son engagement au service de la communaut\u00e9, Kjellrun est devenue un membre appr\u00e9ci\u00e9 du ch\u0153ur de chambre Cantus Vocum. Rejointe en 2001, elle a particip\u00e9 \u00e0 de nombreux enregistrements, \u00e0 des repr\u00e9sentations t\u00e9l\u00e9vis\u00e9es et radiophoniques, \u00e0 des tourn\u00e9es europ\u00e9ennes et a dirig\u00e9 des classes de ma\u00eetre de 2001 \u00e0 2011. En outre, elle a \u00e9t\u00e9 membre du conseil d'administration et b\u00e9n\u00e9vole dans de nombreuses organisations musicales.<\/p>\n\n\n\n<p><a href=\"http:\/\/www.inmemoriam.ca\/view-announcement-509328-kjellrun-k-hestekin.html\" target=\"_blank\" rel=\"noreferrer noopener\">En savoir plus sur Kjellrun Hestekin<\/a><\/p>\n\n\n\n<div style=\"height:20px\" aria-hidden=\"true\" class=\"wp-block-spacer\"><\/div>\n<\/div>","protected":false},"excerpt":{"rendered":"<p>As part of the podcast series, \u201cArtsAbly in Conversation,\u201d Diane Kolin interviewed Heather White Luckow aka Heather Feather, a children&#8217;s performer and educator, and a musicologist based in Montreal in [&hellip;]<\/p>\n","protected":false},"author":1,"featured_media":2570,"comment_status":"closed","ping_status":"open","sticky":false,"template":"","format":"standard","meta":{"_EventAllDay":false,"_EventTimezone":"","_EventStartDate":"","_EventEndDate":"","_EventStartDateUTC":"","_EventEndDateUTC":"","_EventShowMap":false,"_EventShowMapLink":false,"_EventURL":"","_EventCost":"","_EventCostDescription":"","_EventCurrencySymbol":"","_EventCurrencyCode":"","_EventCurrencyPosition":"","_EventDateTimeSeparator":"","_EventTimeRangeSeparator":"","_EventOrganizerID":[],"_EventVenueID":[],"_OrganizerEmail":"","_OrganizerPhone":"","_OrganizerWebsite":"","_VenueAddress":"","_VenueCity":"","_VenueCountry":"","_VenueProvince":"","_VenueState":"","_VenueZip":"","_VenuePhone":"","_VenueURL":"","_VenueStateProvince":"","_VenueLat":"","_VenueLng":"","_VenueShowMap":false,"_VenueShowMapLink":false,"footnotes":""},"categories":[31,40],"tags":[],"class_list":["post-2552","post","type-post","status-publish","format-standard","has-post-thumbnail","hentry","category-blog","category-interviews"],"_links":{"self":[{"href":"https:\/\/www.artsably.com\/fr\/wp-json\/wp\/v2\/posts\/2552","targetHints":{"allow":["GET"]}}],"collection":[{"href":"https:\/\/www.artsably.com\/fr\/wp-json\/wp\/v2\/posts"}],"about":[{"href":"https:\/\/www.artsably.com\/fr\/wp-json\/wp\/v2\/types\/post"}],"author":[{"embeddable":true,"href":"https:\/\/www.artsably.com\/fr\/wp-json\/wp\/v2\/users\/1"}],"replies":[{"embeddable":true,"href":"https:\/\/www.artsably.com\/fr\/wp-json\/wp\/v2\/comments?post=2552"}],"version-history":[{"count":8,"href":"https:\/\/www.artsably.com\/fr\/wp-json\/wp\/v2\/posts\/2552\/revisions"}],"predecessor-version":[{"id":2621,"href":"https:\/\/www.artsably.com\/fr\/wp-json\/wp\/v2\/posts\/2552\/revisions\/2621"}],"wp:featuredmedia":[{"embeddable":true,"href":"https:\/\/www.artsably.com\/fr\/wp-json\/wp\/v2\/media\/2570"}],"wp:attachment":[{"href":"https:\/\/www.artsably.com\/fr\/wp-json\/wp\/v2\/media?parent=2552"}],"wp:term":[{"taxonomy":"category","embeddable":true,"href":"https:\/\/www.artsably.com\/fr\/wp-json\/wp\/v2\/categories?post=2552"},{"taxonomy":"post_tag","embeddable":true,"href":"https:\/\/www.artsably.com\/fr\/wp-json\/wp\/v2\/tags?post=2552"}],"curies":[{"name":"wp","href":"https:\/\/api.w.org\/{rel}","templated":true}]}}