{"id":2578,"date":"2025-05-11T09:06:35","date_gmt":"2025-05-11T13:06:35","guid":{"rendered":"https:\/\/www.artsably.com\/?p=2578"},"modified":"2025-12-14T11:47:32","modified_gmt":"2025-12-14T16:47:32","slug":"ressources-pour-les-entretiens-fournies-par-alexia-mclean","status":"publish","type":"post","link":"https:\/\/www.artsably.com\/fr\/interview-resources-provided-by-alexia-mclean\/","title":{"rendered":"Interview - Ressources fournies par Alexia McLean"},"content":{"rendered":"<div class=\"wp-block-group has-global-padding is-layout-constrained wp-block-group-is-layout-constrained\">\n<p>Dans le cadre de la s\u00e9rie de podcasts \"ArtsAbly in Conversation\", Diane Kolin a interview\u00e9 Alexia McLean, saxophoniste, \u00e9ducatrice et d\u00e9fenseur des droits des personnes handicap\u00e9es \u00e0 Houston, au Texas.<\/p>\n\n\n\n<figure class=\"wp-block-image aligncenter size-large\"><img loading=\"lazy\" decoding=\"async\" width=\"768\" height=\"1024\" src=\"https:\/\/www.artsably.com\/wp-content\/uploads\/2025\/05\/Alexia-McLean-Rollator-rs-768x1024.jpg\" alt=\"Une femme hispanique \u00e0 lunettes et aux cheveux noirs, v\u00eatue d&#039;une chemise \u00e0 rayures rouges et noires, assise sur un d\u00e9ambulateur rose. Elle se trouve dans une salle de musique avec un piano et un tableau blanc avec des port\u00e9es.\" class=\"wp-image-2577\" srcset=\"https:\/\/www.artsably.com\/wp-content\/uploads\/2025\/05\/Alexia-McLean-Rollator-rs-768x1024.jpg 768w, https:\/\/www.artsably.com\/wp-content\/uploads\/2025\/05\/Alexia-McLean-Rollator-rs-225x300.jpg 225w, https:\/\/www.artsably.com\/wp-content\/uploads\/2025\/05\/Alexia-McLean-Rollator-rs-1152x1536.jpg 1152w, https:\/\/www.artsably.com\/wp-content\/uploads\/2025\/05\/Alexia-McLean-Rollator-rs-9x12.jpg 9w, https:\/\/www.artsably.com\/wp-content\/uploads\/2025\/05\/Alexia-McLean-Rollator-rs-1320x1760.jpg 1320w, https:\/\/www.artsably.com\/wp-content\/uploads\/2025\/05\/Alexia-McLean-Rollator-rs.jpg 1500w\" sizes=\"auto, (max-width: 768px) 100vw, 768px\" \/><\/figure>\n\n\n\n<div class=\"wp-block-columns is-layout-flex wp-container-core-columns-is-layout-28f84493 wp-block-columns-is-layout-flex\">\n<div class=\"wp-block-column is-layout-flow wp-block-column-is-layout-flow\" style=\"flex-basis:10%\">\n<figure class=\"wp-block-image size-full\"><a href=\"https:\/\/www.artsably.com\/fr\/episode-47-artsably-en-conversation-avec-alexia-mclean\/\"><img loading=\"lazy\" decoding=\"async\" width=\"50\" height=\"50\" src=\"https:\/\/www.artsably.com\/wp-content\/uploads\/2024\/03\/podcast_mic_icon50.png\" alt=\"Ic\u00f4ne repr\u00e9sentant un microphone\" class=\"wp-image-922\" srcset=\"https:\/\/www.artsably.com\/wp-content\/uploads\/2024\/03\/podcast_mic_icon50.png 50w, https:\/\/www.artsably.com\/wp-content\/uploads\/2024\/03\/podcast_mic_icon50-12x12.png 12w\" sizes=\"auto, (max-width: 50px) 100vw, 50px\" \/><\/a><\/figure>\n<\/div>\n\n\n\n<div class=\"wp-block-column is-vertically-aligned-center is-layout-flow wp-block-column-is-layout-flow\" style=\"flex-basis:90%\">\n<p><a href=\"https:\/\/www.artsably.com\/fr\/episode-47-artsably-en-conversation-avec-alexia-mclean\/\" data-type=\"link\" data-id=\"https:\/\/www.artsably.com\/episode-43-artsably-in-conversation-with-mercedes-lysaker\/\">\u00c9couter l'interview d'Alexia McLean<\/a><\/p>\n<\/div>\n<\/div>\n\n\n\n<p id=\"block-9df7bc08-36bd-439a-bdbc-acf5b66ebb25\">Ce billet pr\u00e9sente les ressources mentionn\u00e9es par Alexia McLean au cours de la conversation.<\/p>\n\n\n\n<div style=\"height:20px\" aria-hidden=\"true\" class=\"wp-block-spacer\"><\/div>\n\n\n\n<h2 class=\"wp-block-heading has-large-font-size\">Alexia McLean<\/h2>\n\n\n\n<p>Alexia McLean (elle\/il) est une saxophoniste qui se consacre \u00e0 la r\u00e9duction des \u00e9carts en mati\u00e8re d'\u00e9quit\u00e9 et \u00e0 l'am\u00e9lioration de l'inclusion dans la communaut\u00e9 musicale. En tant qu'IDEA Arts Advocate et championne des droits des personnes handicap\u00e9es, elle a fait progresser l'inclusion, la diversit\u00e9, l'\u00e9quit\u00e9 et l'accessibilit\u00e9 dans le monde de la musique, en pr\u00e9sentant des expos\u00e9s lors des conf\u00e9rences de la North American Saxophone Alliance. \u00c0 l'universit\u00e9 d'\u00c9tat de Louisiane, Alexia a fond\u00e9 l'organisation \u00e9tudiante Diversity &amp; Inclusion et a \u00e9t\u00e9 conseill\u00e8re de la facult\u00e9. Elle est membre certifi\u00e9e de Safe Space et d\u00e9tient les certificats DEI et Inclusive Leadership de l'Universit\u00e9 de Floride du Sud. Alexia est titulaire d'une ma\u00eetrise en musique de l'Universit\u00e9 de l'\u00c9tat de Louisiane et d'une licence en interpr\u00e9tation musicale de l'Universit\u00e9 de Floride du Nord, o\u00f9 elle a \u00e9tudi\u00e9 sous la direction de Griffin Campbell, Michael Bovenzi et Jeremy Williamson.<\/p>\n\n\n\n<p><a href=\"https:\/\/alexiamclean.com\/\" target=\"_blank\" rel=\"noreferrer noopener\">En savoir plus sur le site web d'Alexia McLean<\/a><\/p>\n\n\n\n<div style=\"height:20px\" aria-hidden=\"true\" class=\"wp-block-spacer\"><\/div>\n\n\n\n<h2 class=\"wp-block-heading has-large-font-size\">JacobTV (Jacob ter Veldhuis)<\/h2>\n\n\n\n<p>Le compositeur n\u00e9erlandais \"avant pop\" JacobTV (Jacob ter Veldhuis, 1951) a commenc\u00e9 comme musicien de rock et a \u00e9tudi\u00e9 la composition et la musique \u00e9lectronique avec Luctor Ponse et Willem Frederik Bon au Conservatoire de Groningue. Le r\u00e9pertoire dit \"Boombox\" de JacobTV, pour instruments en direct avec une bande sonore groovy bas\u00e9e sur une m\u00e9lodie vocale, est devenu internationalement populaire. Avec environ 1000 repr\u00e9sentations par an dans le monde entier, JacobTV est aujourd'hui l'un des compositeurs europ\u00e9ens les plus jou\u00e9s.<\/p>\n\n\n\n<p><a href=\"https:\/\/www.jacobtv.net\/\" target=\"_blank\" rel=\"noreferrer noopener\">En savoir plus sur JacobTV<\/a><\/p>\n\n\n\n<div style=\"height:20px\" aria-hidden=\"true\" class=\"wp-block-spacer\"><\/div>\n\n\n\n<h2 class=\"wp-block-heading has-large-font-size\">RAMPD<\/h2>\n\n\n\n<p>RAMPD (Recording Artists and Music Professionals with Disabilities) est une plateforme professionnelle qui dote l'industrie de la musique et du spectacle vivant d'outils, de programmes et de strat\u00e9gies favorisant l'int\u00e9gration des personnes handicap\u00e9es. RAMPD connecte \u00e9galement l'industrie \u00e0 un r\u00e9pertoire mondial de cr\u00e9ateurs de musique\/son et de professionnels de l'industrie ayant un handicap, une neurodivergence et d'autres conditions chroniques ou de sant\u00e9 mentale, afin de trouver des sources et d'embaucher - apportant des opportunit\u00e9s comp\u00e9titives, une visibilit\u00e9 et une communaut\u00e9 \u00e0 nos membres professionnels tout en offrant l'inclusion du handicap aux partenaires de l'industrie\/des lieux de spectacle. La mission du RAMPD est d'amplifier la culture du handicap, de promouvoir l'inclusion \u00e9quitable et de plaider pour des espaces inclusifs et accessibles dans les industries de la musique et du spectacle vivant. Fond\u00e9 en mai 2021 (et \u00e9tabli en janvier 2022) par l'artiste prim\u00e9 et activiste culturel Lachi, le RAMPD a vu le jour apr\u00e8s qu'une discussion publique entre la Recording Academy et plusieurs artistes handicap\u00e9s ait r\u00e9v\u00e9l\u00e9 le grave manque de visibilit\u00e9, d'acc\u00e8s et de repr\u00e9sentation pour les professionnels de la musique en situation de handicap.<\/p>\n\n\n\n<p><a href=\"https:\/\/rampd.org\/\" target=\"_blank\" rel=\"noreferrer noopener\">Visitez le site web du RAMPD<\/a><\/p>\n\n\n\n<p><a href=\"https:\/\/rampd.org\/profile\/alexia-mclean\" target=\"_blank\" rel=\"noreferrer noopener\">Visiter le profil RAMPD d'Alexia McLean<\/a><\/p>\n\n\n\n<div style=\"height:20px\" aria-hidden=\"true\" class=\"wp-block-spacer\"><\/div>\n\n\n\n<h2 class=\"wp-block-heading has-large-font-size\">Accorder sa r\u00e9silience : Entretien avec Rebecca Wirth<\/h2>\n\n\n\n<p>Alexia McLean est membre du programme de mentorat Committee on Gender Equity de la North American Saxophone Alliance. L'une de ses prot\u00e9g\u00e9es, Rebecca Wirth, \u00e9tudiante en troisi\u00e8me ann\u00e9e de saxophone \u00e0 l'universit\u00e9 Furman, a \u00e9labor\u00e9 un guide intitul\u00e9 \"Tuning Your Resilience : A Musician's Disability Guide\" pour son projet communautaire. Rebecca a partag\u00e9 ce guide avec ArtsAbly et a r\u00e9pondu \u00e0 quelques questions.<\/p>\n\n\n\n<p><a href=\"https:\/\/www.artsably.com\/fr\/accordez-votre-resilience-entretien-avec-rebecca-wirth\/\" target=\"_blank\" rel=\"noreferrer noopener\">Lire l'interview et le guide sur le site d'ArtsAbly<\/a><\/p>\n\n\n\n<div style=\"height:20px\" aria-hidden=\"true\" class=\"wp-block-spacer\"><\/div>\n\n\n\n<h2 class=\"wp-block-heading has-large-font-size\">Lachi<\/h2>\n\n\n\n<p>Lachi est une auteure-compositrice-interpr\u00e8te, une artiste de tourn\u00e9e, une productrice, une actrice, une auteure, une d\u00e9fenseuse des personnes handicap\u00e9es et une activiste culturelle bas\u00e9e \u00e0 New York. La musique de Lachi est souvent d\u00e9crite comme de la musique pop ou de la musique de danse. Elle est l\u00e9galement aveugle en raison d'un colobome. Tout au long des ann\u00e9es 2021 et 2022, Lachi s'est impos\u00e9e comme l'une des principales d\u00e9fenseuses des personnes handicap\u00e9es dans l'industrie musicale, s'exprimant et se produisant dans des lieux tels que la Maison Blanche, les Nations Unies, le Kennedy Center, le Lincoln Center et la BBC, parmi d'autres apparitions notables. Lachi est le fondateur du RAMPD. \u00c0 partir de 2022, le RAMPD a commenc\u00e9 \u00e0 travailler en partenariat avec la Recording Academy pour rendre les Grammy Awards plus accessibles : il a travaill\u00e9 \u00e0 l'ajout d'une estrade \u00e0 rampe visible, d'interpr\u00e8tes en langue des signes, de sous-titrage en direct, de description audio, de langue des signes am\u00e9ricaine et de rampes d'acc\u00e8s sur le tapis rouge. En f\u00e9vrier 2024, Lachi a \u00e9t\u00e9 nomm\u00e9e \"Femme de l'ann\u00e9e 2024\" par USA Today.<\/p>\n\n\n\n<p><a href=\"https:\/\/www.lachimusic.com\/index.html\" target=\"_blank\" rel=\"noreferrer noopener\">Visitez le site web de Lachi<\/a><\/p>\n\n\n\n<div style=\"height:20px\" aria-hidden=\"true\" class=\"wp-block-spacer\"><\/div>\n<\/div>","protected":false},"excerpt":{"rendered":"<p>As part of the podcast series, \u201cArtsAbly in Conversation,\u201d Diane Kolin interviewed Alexia McLean, a saxophonist, an educator, and a disability rights advocate from Houston, Texas. Listen to Alexia McLean&#8217;s [&hellip;]<\/p>\n","protected":false},"author":1,"featured_media":2577,"comment_status":"closed","ping_status":"open","sticky":false,"template":"","format":"standard","meta":{"_EventAllDay":false,"_EventTimezone":"","_EventStartDate":"","_EventEndDate":"","_EventStartDateUTC":"","_EventEndDateUTC":"","_EventShowMap":false,"_EventShowMapLink":false,"_EventURL":"","_EventCost":"","_EventCostDescription":"","_EventCurrencySymbol":"","_EventCurrencyCode":"","_EventCurrencyPosition":"","_EventDateTimeSeparator":"","_EventTimeRangeSeparator":"","_EventOrganizerID":[],"_EventVenueID":[],"_OrganizerEmail":"","_OrganizerPhone":"","_OrganizerWebsite":"","_VenueAddress":"","_VenueCity":"","_VenueCountry":"","_VenueProvince":"","_VenueState":"","_VenueZip":"","_VenuePhone":"","_VenueURL":"","_VenueStateProvince":"","_VenueLat":"","_VenueLng":"","_VenueShowMap":false,"_VenueShowMapLink":false,"footnotes":""},"categories":[31,40],"tags":[],"class_list":["post-2578","post","type-post","status-publish","format-standard","has-post-thumbnail","hentry","category-blog","category-interviews"],"_links":{"self":[{"href":"https:\/\/www.artsably.com\/fr\/wp-json\/wp\/v2\/posts\/2578","targetHints":{"allow":["GET"]}}],"collection":[{"href":"https:\/\/www.artsably.com\/fr\/wp-json\/wp\/v2\/posts"}],"about":[{"href":"https:\/\/www.artsably.com\/fr\/wp-json\/wp\/v2\/types\/post"}],"author":[{"embeddable":true,"href":"https:\/\/www.artsably.com\/fr\/wp-json\/wp\/v2\/users\/1"}],"replies":[{"embeddable":true,"href":"https:\/\/www.artsably.com\/fr\/wp-json\/wp\/v2\/comments?post=2578"}],"version-history":[{"count":2,"href":"https:\/\/www.artsably.com\/fr\/wp-json\/wp\/v2\/posts\/2578\/revisions"}],"predecessor-version":[{"id":2647,"href":"https:\/\/www.artsably.com\/fr\/wp-json\/wp\/v2\/posts\/2578\/revisions\/2647"}],"wp:featuredmedia":[{"embeddable":true,"href":"https:\/\/www.artsably.com\/fr\/wp-json\/wp\/v2\/media\/2577"}],"wp:attachment":[{"href":"https:\/\/www.artsably.com\/fr\/wp-json\/wp\/v2\/media?parent=2578"}],"wp:term":[{"taxonomy":"category","embeddable":true,"href":"https:\/\/www.artsably.com\/fr\/wp-json\/wp\/v2\/categories?post=2578"},{"taxonomy":"post_tag","embeddable":true,"href":"https:\/\/www.artsably.com\/fr\/wp-json\/wp\/v2\/tags?post=2578"}],"curies":[{"name":"wp","href":"https:\/\/api.w.org\/{rel}","templated":true}]}}