{"id":836,"date":"2024-03-07T14:14:30","date_gmt":"2024-03-07T19:14:30","guid":{"rendered":"https:\/\/www.artsably.com\/?p=836"},"modified":"2025-12-14T11:39:07","modified_gmt":"2025-12-14T16:39:07","slug":"ressources-pour-lentretien-fournies-par-le-dr-tekla-babyak","status":"publish","type":"post","link":"https:\/\/www.artsably.com\/fr\/interview-resources-provided-by-dr-tekla-babyak\/","title":{"rendered":"Interview - Ressources fournies par le Dr. Tekla Babyak"},"content":{"rendered":"<div class=\"wp-block-group has-global-padding is-layout-constrained wp-block-group-is-layout-constrained\">\n<p>Dans le cadre de la s\u00e9rie de podcasts \"ArtsAbly in Conversation\", Diane Kolin a interview\u00e9 Tekla Babyak, musicologue ind\u00e9pendante et activiste du handicap (doctorat en musicologie, Cornell, 2014).<\/p>\n\n\n\n<figure class=\"wp-block-image aligncenter size-full\"><img loading=\"lazy\" decoding=\"async\" width=\"500\" height=\"500\" src=\"https:\/\/www.artsably.com\/wp-content\/uploads\/2024\/03\/Tekla-Babyak-headshot.jpg\" alt=\"Une femme souriante aux longs cheveux noirs portant un chemisier noir \u00e0 motifs arrondis verts.\" class=\"wp-image-837\" srcset=\"https:\/\/www.artsably.com\/wp-content\/uploads\/2024\/03\/Tekla-Babyak-headshot.jpg 500w, https:\/\/www.artsably.com\/wp-content\/uploads\/2024\/03\/Tekla-Babyak-headshot-300x300.jpg 300w, https:\/\/www.artsably.com\/wp-content\/uploads\/2024\/03\/Tekla-Babyak-headshot-150x150.jpg 150w, https:\/\/www.artsably.com\/wp-content\/uploads\/2024\/03\/Tekla-Babyak-headshot-12x12.jpg 12w\" sizes=\"auto, (max-width: 500px) 100vw, 500px\" \/><\/figure>\n\n\n\n<p>Cette page pr\u00e9sente les ressources qu'elle a mentionn\u00e9es au cours de la conversation. <\/p>\n\n\n\n<div class=\"wp-block-columns is-layout-flex wp-container-core-columns-is-layout-28f84493 wp-block-columns-is-layout-flex\">\n<div class=\"wp-block-column is-layout-flow wp-block-column-is-layout-flow\" style=\"flex-basis:10%\">\n<figure class=\"wp-block-image size-full\"><a href=\"https:\/\/www.artsably.com\/fr\/episode-3-artsably-en-conversation-avec-le-dr-tekla-babyak\/\"><img loading=\"lazy\" decoding=\"async\" width=\"50\" height=\"50\" src=\"https:\/\/www.artsably.com\/wp-content\/uploads\/2024\/03\/podcast_mic_icon50.png\" alt=\"Ic\u00f4ne repr\u00e9sentant un microphone\" class=\"wp-image-922\" srcset=\"https:\/\/www.artsably.com\/wp-content\/uploads\/2024\/03\/podcast_mic_icon50.png 50w, https:\/\/www.artsably.com\/wp-content\/uploads\/2024\/03\/podcast_mic_icon50-12x12.png 12w\" sizes=\"auto, (max-width: 50px) 100vw, 50px\" \/><\/a><\/figure>\n<\/div>\n\n\n\n<div class=\"wp-block-column is-vertically-aligned-center is-layout-flow wp-block-column-is-layout-flow\" style=\"flex-basis:90%\">\n<p><a href=\"https:\/\/www.artsably.com\/fr\/episode-3-artsably-en-conversation-avec-le-dr-tekla-babyak\/\">\u00c9couter l'interview du Dr Babyak<\/a><\/p>\n<\/div>\n<\/div>\n\n\n\n<div style=\"height:20px\" aria-hidden=\"true\" class=\"wp-block-spacer\"><\/div>\n\n\n\n<h2 class=\"wp-block-heading has-large-font-size\">Site web du Dr. Tekla Babyak<\/h2>\n\n\n\n<p>H\u00e9berg\u00e9 par Humanities Commons, une plateforme de r\u00e9seau pour les personnes travaillant dans les sciences humaines, ce site web propose une vari\u00e9t\u00e9 d'articles li\u00e9s \u00e0 ses recherches musicologiques, mais aussi \u00e0 son travail de d\u00e9fense des chercheurs handicap\u00e9s et des chercheurs ind\u00e9pendants, avec un int\u00e9r\u00eat particulier pour les besoins des auteurs en mati\u00e8re d'am\u00e9nagements pour les personnes handicap\u00e9es. <\/p>\n\n\n\n<p><a href=\"https:\/\/hcommons.org\/members\/tekla\/\" target=\"_blank\" rel=\"noreferrer noopener\">Site web du Dr. Tekla Babyak<\/a><\/p>\n\n\n\n<div style=\"height:20px\" aria-hidden=\"true\" class=\"wp-block-spacer\"><\/div>\n\n\n\n<h2 class=\"wp-block-heading has-large-font-size\">Enseigner la musique et le handicap par le biais d'une p\u00e9dagogie ax\u00e9e sur la divulgation<\/h2>\n\n\n\n<p>Pr\u00e9sent\u00e9 lors de la 2022 H-Net Teaching Conference, cet article \u00e9tablit des comparaisons entre les exp\u00e9riences v\u00e9cues par Tekla Babyak en mati\u00e8re de handicap et les repr\u00e9sentations du handicap dans les \u0153uvres musicales du 19e si\u00e8cle.<\/p>\n\n\n\n<p><a href=\"https:\/\/hcommons.org\/deposits\/item\/hc:48219\/\" target=\"_blank\" rel=\"noreferrer noopener\">Lire l'article \"Enseigner la musique et le handicap gr\u00e2ce \u00e0 une p\u00e9dagogie ax\u00e9e sur la divulgation\" (en anglais)<\/a><\/p>\n\n\n\n<div style=\"height:20px\" aria-hidden=\"true\" class=\"wp-block-spacer\"><\/div>\n\n\n\n<h2 class=\"wp-block-heading has-large-font-size\">Vivre \u00e9ternellement sur terre : Philosophies de l'\u00e9ternit\u00e9 temporelle dans les opus 110 et 132 de Beethoven. 110 et 132 de Beethoven<\/h2>\n\n\n\n<p>Cet article a \u00e9t\u00e9 publi\u00e9 dans le volume 47 (num\u00e9ro #2) de la revue <em>Musique du 19e si\u00e8cle<\/em> (automne 2023). Il propose que certaines \u0153uvres de Beethoven mettent en \u0153uvre un fantasme de report infini de la mort et de vie \u00e9ternelle sur terre, quelque chose que Tekla Babyak appelle <em>temporel \u00e9ternit\u00e9<\/em>. Pour d\u00e9velopper ce concept, il s'appuie sur la notion de chronolibido d\u00e9velopp\u00e9e par le philosophe contemporain Martin H\u00e4gglund, ainsi que sur des \u00e9crits de Novalis et de Friedrich Schlegel.<\/p>\n\n\n\n<p><a href=\"https:\/\/online.ucpress.edu\/ncm\/article-abstract\/47\/2\/111\/198261\/Living-Forever-on-Earth-Philosophies-of-Temporal?redirectedFrom=fulltext\" target=\"_blank\" rel=\"noreferrer noopener\">Lire l'article \"Vivre \u00e9ternellement sur terre : Philosophies de l'\u00e9ternit\u00e9 temporelle dans les opus 110 et 132 de Beethoven\". 110 et 132 de Beethoven\"<\/a><\/p>\n\n\n\n<div style=\"height:20px\" aria-hidden=\"true\" class=\"wp-block-spacer\"><\/div>\n<\/div>","protected":false},"excerpt":{"rendered":"<p>Dans le cadre de la s\u00e9rie de podcasts \"ArtsAbly in conversation\", Diane Kolin a interview\u00e9 le Dr. Tekla Babyak, musicologue ind\u00e9pendante et activiste du handicap (Ph.D., Musicologie, Cornell, 2014). Ce billet pr\u00e9sente les ressources qu'elle a mentionn\u00e9es au cours de la conversation. <\/p>","protected":false},"author":1,"featured_media":837,"comment_status":"closed","ping_status":"open","sticky":false,"template":"","format":"standard","meta":{"_EventAllDay":false,"_EventTimezone":"","_EventStartDate":"","_EventEndDate":"","_EventStartDateUTC":"","_EventEndDateUTC":"","_EventShowMap":false,"_EventShowMapLink":false,"_EventURL":"","_EventCost":"","_EventCostDescription":"","_EventCurrencySymbol":"","_EventCurrencyCode":"","_EventCurrencyPosition":"","_EventDateTimeSeparator":"","_EventTimeRangeSeparator":"","_EventOrganizerID":[],"_EventVenueID":[],"_OrganizerEmail":"","_OrganizerPhone":"","_OrganizerWebsite":"","_VenueAddress":"","_VenueCity":"","_VenueCountry":"","_VenueProvince":"","_VenueState":"","_VenueZip":"","_VenuePhone":"","_VenueURL":"","_VenueStateProvince":"","_VenueLat":"","_VenueLng":"","_VenueShowMap":false,"_VenueShowMapLink":false,"footnotes":""},"categories":[31,40],"tags":[],"class_list":["post-836","post","type-post","status-publish","format-standard","has-post-thumbnail","hentry","category-blog","category-interviews"],"_links":{"self":[{"href":"https:\/\/www.artsably.com\/fr\/wp-json\/wp\/v2\/posts\/836","targetHints":{"allow":["GET"]}}],"collection":[{"href":"https:\/\/www.artsably.com\/fr\/wp-json\/wp\/v2\/posts"}],"about":[{"href":"https:\/\/www.artsably.com\/fr\/wp-json\/wp\/v2\/types\/post"}],"author":[{"embeddable":true,"href":"https:\/\/www.artsably.com\/fr\/wp-json\/wp\/v2\/users\/1"}],"replies":[{"embeddable":true,"href":"https:\/\/www.artsably.com\/fr\/wp-json\/wp\/v2\/comments?post=836"}],"version-history":[{"count":10,"href":"https:\/\/www.artsably.com\/fr\/wp-json\/wp\/v2\/posts\/836\/revisions"}],"predecessor-version":[{"id":1010,"href":"https:\/\/www.artsably.com\/fr\/wp-json\/wp\/v2\/posts\/836\/revisions\/1010"}],"wp:featuredmedia":[{"embeddable":true,"href":"https:\/\/www.artsably.com\/fr\/wp-json\/wp\/v2\/media\/837"}],"wp:attachment":[{"href":"https:\/\/www.artsably.com\/fr\/wp-json\/wp\/v2\/media?parent=836"}],"wp:term":[{"taxonomy":"category","embeddable":true,"href":"https:\/\/www.artsably.com\/fr\/wp-json\/wp\/v2\/categories?post=836"},{"taxonomy":"post_tag","embeddable":true,"href":"https:\/\/www.artsably.com\/fr\/wp-json\/wp\/v2\/tags?post=836"}],"curies":[{"name":"wp","href":"https:\/\/api.w.org\/{rel}","templated":true}]}}